{"id":1879,"date":"2015-03-07T06:00:00","date_gmt":"2015-03-07T06:00:00","guid":{"rendered":"http:\/\/plazajuarez.mx\/index\/index.php\/2015\/03\/07\/van-mas-de-16-mmdp-para-seguridad\/"},"modified":"2015-03-07T06:00:00","modified_gmt":"2015-03-07T06:00:00","slug":"van-mas-de-16-mmdp-para-seguridad","status":"publish","type":"post","link":"https:\/\/plazajuarez.mx\/historico\/van-mas-de-16-mmdp-para-seguridad\/","title":{"rendered":"Van m\u00e1s de 16 mmdp para seguridad"},"content":{"rendered":"<p><span style=\"font-family: verdana,geneva; font-size: 10pt;\"><strong>El secretario ejecutivo del Sistema Nacional de Seguridad P\u00fablica, Jorge Carlos Hurtado Valdez, se\u00f1al\u00f3 que los recursos ser\u00e1n destinados principalmente para promover la cultura de la paz, la legalidad y el respeto a los derechos humanos<\/strong><\/span><\/p>\n<p>  <!--more-->  <\/p>\n<p>\u00a0<\/p>\n<p><span style=\"font-family: verdana,geneva; font-size: 10pt;\">La Federaci\u00f3n firm\u00f3 un convenio con estados y municipios que resultar\u00e1n beneficiarios del Fondo y Subsidios Federales de Apoyo a la Seguridad P\u00fablica, el cual contempla poco m\u00e1s de 16 mil millones de pesos.<\/span><\/p>\n<p><span style=\"font-family: verdana,geneva; font-size: 10pt;\">El secretario ejecutivo del Sistema Nacional de Seguridad P\u00fablica, Jorge Carlos Hurtado Valdez, se\u00f1al\u00f3 que los recursos ser\u00e1n destinados principalmente para promover la cultura de la paz, la legalidad, el respeto a los derechos humanos, la participaci\u00f3n ciudadana y una vida libre de violencia en todo el pa\u00eds.<\/span><\/p>\n<p><span style=\"font-family: verdana,geneva; font-size: 10pt;\">Desglos\u00f3 que para el Fondo de Aportaciones para la Seguridad P\u00fablica (Fasp) se destinar\u00e1n 10 mil 473 millones de pesos, y el Subsidio para la Seguridad de los Municipios (Subsemun) ser\u00e1n 6 mil 112 millones de pesos, que cubrir\u00e1n a 280 municipios del pa\u00eds, en donde ocurren el 91.6% de las incidencias delictivas.<\/span><\/p>\n<p><span style=\"font-family: verdana,geneva; font-size: 10pt;\">Por su parte, el oficial mayor de la Secretar\u00eda de Gobernaci\u00f3n, Jorge M\u00e1rquez Montes, quien asisti\u00f3 en representaci\u00f3n del secretario Miguel \u00c1ngel Osorio Chong, afirm\u00f3 que en adelante todos los convenios y anexos t\u00e9cnicos de los programas promontorios de seguridad se har\u00e1n p\u00fablicos.<\/span><\/p>\n<p><span style=\"font-family: verdana,geneva; font-size: 10pt;\">Invit\u00f3 a todas las entidades federativas y los municipios para que tambi\u00e9n hagan p\u00fablicos sus convenios y as\u00ed cumplir con la rendici\u00f3n de cuentas que exige el pa\u00eds.<\/span><\/p>\n<p><span style=\"font-family: verdana,geneva; font-size: 10pt;\">Que se haga p\u00fablico, dijo, que cada peso gastado se apega a la legalidad y a la norma.<\/span><\/p>\n","protected":false},"excerpt":{"rendered":"<p>El secretario ejecutivo del Sistema Nacional de Seguridad P\u00fablica, Jorge Carlos Hurtado Valdez, se\u00f1al\u00f3 que los recursos ser\u00e1n destinados principalmente para promover la cultura de la paz, la legalidad y el respeto a los derechos humanos<\/p>\n","protected":false},"author":93,"featured_media":0,"comment_status":"open","ping_status":"open","sticky":false,"template":"","format":"standard","meta":{"footnotes":""},"categories":[37],"tags":[],"class_list":["post-1879","post","type-post","status-publish","format-standard","hentry","category-barandilla"],"_links":{"self":[{"href":"https:\/\/plazajuarez.mx\/historico\/wp-json\/wp\/v2\/posts\/1879","targetHints":{"allow":["GET"]}}],"collection":[{"href":"https:\/\/plazajuarez.mx\/historico\/wp-json\/wp\/v2\/posts"}],"about":[{"href":"https:\/\/plazajuarez.mx\/historico\/wp-json\/wp\/v2\/types\/post"}],"author":[{"embeddable":true,"href":"https:\/\/plazajuarez.mx\/historico\/wp-json\/wp\/v2\/users\/93"}],"replies":[{"embeddable":true,"href":"https:\/\/plazajuarez.mx\/historico\/wp-json\/wp\/v2\/comments?post=1879"}],"version-history":[{"count":0,"href":"https:\/\/plazajuarez.mx\/historico\/wp-json\/wp\/v2\/posts\/1879\/revisions"}],"wp:attachment":[{"href":"https:\/\/plazajuarez.mx\/historico\/wp-json\/wp\/v2\/media?parent=1879"}],"wp:term":[{"taxonomy":"category","embeddable":true,"href":"https:\/\/plazajuarez.mx\/historico\/wp-json\/wp\/v2\/categories?post=1879"},{"taxonomy":"post_tag","embeddable":true,"href":"https:\/\/plazajuarez.mx\/historico\/wp-json\/wp\/v2\/tags?post=1879"}],"curies":[{"name":"wp","href":"https:\/\/api.w.org\/{rel}","templated":true}]}}