{"id":187697,"date":"2021-10-21T17:08:19","date_gmt":"2021-10-21T22:08:19","guid":{"rendered":"https:\/\/plazajuarez.mx\/?p=187697"},"modified":"2021-10-21T17:15:42","modified_gmt":"2021-10-21T22:15:42","slug":"detienen-a-sujetos-armados-tras-persecucion","status":"publish","type":"post","link":"https:\/\/plazajuarez.mx\/historico\/detienen-a-sujetos-armados-tras-persecucion\/","title":{"rendered":"Detienen a sujetos armados tras persecuci\u00f3n"},"content":{"rendered":"\n<p>Elementos de seguridad p\u00fablica del municipio de Tulancingo, lograron la detenci\u00f3n de sujetos armados a bordo de una camioneta, quienes trataron de huir tras ser reportados por el incidente con automovilistas en el municipio de Acatl\u00e1n, donde salieron a relucir amenazas con arma de fuego.<\/p>\n\n\n\n<p>Por medio del C4, el municipio de Acatl\u00e1n solicit\u00f3 apoyo para la localizaci\u00f3n de una camioneta, la ma\u00f1ana de este jueves, la cual hab\u00eda ocasionado un accidente y sus tripulantes presuntamente amenazaron con arma corta a los afectados.<\/p>\n\n\n\n<p>En recorridos de inspecci\u00f3n y vigilancia, se localiz\u00f3 una camioneta con las caracter\u00edsticas en Boulevard Tomas Alva Edison, colonia Jardines del Sur; por lo que el conductor, al ver la patrulla, emprendieron la huida, por lo que se inicio la persecuci\u00f3n.<\/p>\n\n\n\n<p>Mediante comando verbales por medio del alto parlante, se les indic\u00f3 que detuvieran el veh\u00edculo y se orillaran haciendo caso omiso, por lo que contin\u00fao la persecuci\u00f3n sobre carretera federal M\u00e9xico- Tuxpan con direcci\u00f3n M\u00e9xico, por lo que se solicito apoyo v\u00eda radio, y telef\u00f3nica a unidades de municipio de Tulancingo<\/p>\n\n\n\n<p>Cabe mencionar  que a la altura de la zona de la Villita se escucharon detonaciones de arma de fuego, por lo que los elementos policiacos repelieron la agresi\u00f3n realizando detonaci\u00f3n al neum\u00e1tico trasero derecho, deteniendo la marcha de la camioneta sobre carretera Ecatepec- Tulancingo.<\/p>\n\n\n\n<p>Se intervinieron  al conductor y a su acompa\u00f1ante masculino menor de edad, as\u00ed mismo se inspecciono el veh\u00edculo Marca Toyota color gris sin placas de circulaci\u00f3n, encontrando en su interior un objeto tipo pistola color negro con gris, por lo que se procede a su detenci\u00f3n, haci\u00e9ndoles menci\u00f3n de sus derechos constitucionales que les asisten, y se trasladaran al cuartel General del Municipio de Tulancingo de Bravo Hidalgo, para su certificaci\u00f3n m\u00e9dica y tramites de rigor.<\/p>\n","protected":false},"excerpt":{"rendered":"<p>Elementos de seguridad p\u00fablica del municipio de Tulancingo, lograron la detenci\u00f3n de sujetos armados a bordo de una camioneta, quienes trataron de huir tras ser reportados por el incidente con automovilistas en el municipio de Acatl\u00e1n, donde salieron a relucir amenazas con arma de fuego. Por medio del C4, el municipio de Acatl\u00e1n solicit\u00f3 apoyo [&hellip;]<\/p>\n","protected":false},"author":70,"featured_media":187698,"comment_status":"closed","ping_status":"closed","sticky":false,"template":"","format":"standard","meta":{"footnotes":""},"categories":[15,40],"tags":[],"class_list":["post-187697","post","type-post","status-publish","format-standard","has-post-thumbnail","hentry","category-destacadas","category-region"],"_links":{"self":[{"href":"https:\/\/plazajuarez.mx\/historico\/wp-json\/wp\/v2\/posts\/187697","targetHints":{"allow":["GET"]}}],"collection":[{"href":"https:\/\/plazajuarez.mx\/historico\/wp-json\/wp\/v2\/posts"}],"about":[{"href":"https:\/\/plazajuarez.mx\/historico\/wp-json\/wp\/v2\/types\/post"}],"author":[{"embeddable":true,"href":"https:\/\/plazajuarez.mx\/historico\/wp-json\/wp\/v2\/users\/70"}],"replies":[{"embeddable":true,"href":"https:\/\/plazajuarez.mx\/historico\/wp-json\/wp\/v2\/comments?post=187697"}],"version-history":[{"count":0,"href":"https:\/\/plazajuarez.mx\/historico\/wp-json\/wp\/v2\/posts\/187697\/revisions"}],"wp:featuredmedia":[{"embeddable":true,"href":"https:\/\/plazajuarez.mx\/historico\/wp-json\/wp\/v2\/media\/187698"}],"wp:attachment":[{"href":"https:\/\/plazajuarez.mx\/historico\/wp-json\/wp\/v2\/media?parent=187697"}],"wp:term":[{"taxonomy":"category","embeddable":true,"href":"https:\/\/plazajuarez.mx\/historico\/wp-json\/wp\/v2\/categories?post=187697"},{"taxonomy":"post_tag","embeddable":true,"href":"https:\/\/plazajuarez.mx\/historico\/wp-json\/wp\/v2\/tags?post=187697"}],"curies":[{"name":"wp","href":"https:\/\/api.w.org\/{rel}","templated":true}]}}