{"id":18753,"date":"2016-03-22T15:55:18","date_gmt":"2016-03-22T15:55:18","guid":{"rendered":"http:\/\/plazajuarez.mx\/index\/index.php\/2016\/03\/22\/arrrollado-en-la-mexico-pachuca\/"},"modified":"2016-03-22T15:55:18","modified_gmt":"2016-03-22T15:55:18","slug":"arrrollado-en-la-mexico-pachuca","status":"publish","type":"post","link":"https:\/\/plazajuarez.mx\/historico\/arrrollado-en-la-mexico-pachuca\/","title":{"rendered":"ARRROLLADO EN LA M\u00c9XICO-PACHUCA"},"content":{"rendered":"<p><strong>ATREVIDO CICLISTA MUERE <\/strong><\/p>\n<p><strong>Procuradur\u00eda General de Justicia dio a conocer que dio inicio a la carpeta de investigaci\u00f3n n\u00famero 13-2016-0416, por el accidente que cobr\u00f3 una vida humana<\/strong><\/p>\n<p>  <!--more-->  <\/p>\n<p>\u00a0<\/p>\n<p>Mediante un comunicado oficial la Procuradur\u00eda General de Justicia dio a conocer que dio inicio a la carpeta de investigaci\u00f3n n\u00famero <strong>13-2016-0416,<\/strong> luego de que mediante una llamada al 066 de Emergencias se diera a conocer del percance en el cual una persona perdi\u00f3 la vida.<\/p>\n<p>Al respecto se detall\u00f3 que elementos de la polic\u00eda de tr\u00e1nsito de Tizayuca, informaron que en la carretera M\u00e9xico Pachuca se hab\u00eda registrado un accidente automovil\u00edstico en el cual una persona perdiera la vida.<\/p>\n<p>Los informes oficiales refieren que el hecho se suscit\u00f3 la noche del domingo a en el Km 57+800 de la carretera M\u00e9xico-Pachuca a la altura del crucero del Carmen con direcci\u00f3n a Pachuca municipio de Tizayuca, Hidalgo, una persona que viajaba en bicicleta fue arrollada por un veh\u00edculo.<\/p>\n<p>En el informe se destaca que el ahora occiso de g\u00e9nero masculino y de aproximadamente 34 a\u00f1os de edad, hasta el momento permanece en calidad de desconocido, por lo que se espera que sus familiares acudan a realizar la identificaci\u00f3n del cad\u00e1ver.<\/p>\n<p>De acuerdo a los resultados de la necropsia de ley, ahora se sabe que las causas de la muerte fueron por conjunto de traumatismos de cr\u00e1neo macizo facial y toraco abdominopelvico profundo cerrado, consecutivo a contusi\u00f3n profunda.<\/p>\n<p>Personal de la Polic\u00eda Investigadora as\u00ed como de la Direcci\u00f3n General de Servicios Periciales recabaron los indicios para la elaboraci\u00f3n de los dict\u00e1menes correspondientes para resolver legalmente el hecho.<\/p>\n<p>Finalmente se detalla que la carpeta se encuentra en fase de integraci\u00f3n y se resolver\u00e1 en el t\u00e9rmino legal correspondiente.<\/p>\n<p>De las diligencias se hicieron cargo elementos de la Coordinaci\u00f3n de Seguridad estatal, quienes coadyuvar\u00e1n a las labores con la procuradur\u00eda general de justicia del estado de Hidalgo para el esclarecimiento de los hechos.<\/p>\n","protected":false},"excerpt":{"rendered":"<p>ATREVIDO CICLISTA MUERE Procuradur\u00eda General de Justicia dio a conocer que dio inicio a la carpeta de investigaci\u00f3n n\u00famero 13-2016-0416, por el accidente que cobr\u00f3 una vida humana<\/p>\n","protected":false},"author":93,"featured_media":0,"comment_status":"open","ping_status":"open","sticky":false,"template":"","format":"standard","meta":{"footnotes":""},"categories":[37],"tags":[],"class_list":["post-18753","post","type-post","status-publish","format-standard","hentry","category-barandilla"],"_links":{"self":[{"href":"https:\/\/plazajuarez.mx\/historico\/wp-json\/wp\/v2\/posts\/18753","targetHints":{"allow":["GET"]}}],"collection":[{"href":"https:\/\/plazajuarez.mx\/historico\/wp-json\/wp\/v2\/posts"}],"about":[{"href":"https:\/\/plazajuarez.mx\/historico\/wp-json\/wp\/v2\/types\/post"}],"author":[{"embeddable":true,"href":"https:\/\/plazajuarez.mx\/historico\/wp-json\/wp\/v2\/users\/93"}],"replies":[{"embeddable":true,"href":"https:\/\/plazajuarez.mx\/historico\/wp-json\/wp\/v2\/comments?post=18753"}],"version-history":[{"count":0,"href":"https:\/\/plazajuarez.mx\/historico\/wp-json\/wp\/v2\/posts\/18753\/revisions"}],"wp:attachment":[{"href":"https:\/\/plazajuarez.mx\/historico\/wp-json\/wp\/v2\/media?parent=18753"}],"wp:term":[{"taxonomy":"category","embeddable":true,"href":"https:\/\/plazajuarez.mx\/historico\/wp-json\/wp\/v2\/categories?post=18753"},{"taxonomy":"post_tag","embeddable":true,"href":"https:\/\/plazajuarez.mx\/historico\/wp-json\/wp\/v2\/tags?post=18753"}],"curies":[{"name":"wp","href":"https:\/\/api.w.org\/{rel}","templated":true}]}}