{"id":18752,"date":"2016-03-22T15:54:59","date_gmt":"2016-03-22T15:54:59","guid":{"rendered":"http:\/\/plazajuarez.mx\/index\/index.php\/2016\/03\/22\/proponen-se-libere-a-reclusos-con-danos-mentales\/"},"modified":"2016-03-22T15:54:59","modified_gmt":"2016-03-22T15:54:59","slug":"proponen-se-libere-a-reclusos-con-danos-mentales","status":"publish","type":"post","link":"https:\/\/plazajuarez.mx\/historico\/proponen-se-libere-a-reclusos-con-danos-mentales\/","title":{"rendered":"PROPONEN  SE LIBERE A  RECLUSOS CON  DA\u00d1OS MENTALES"},"content":{"rendered":"<p>CIUDAD DE M\u00c9XICO<\/p>\n<p><strong>Diputada perredista Rebeca Peralta asegur\u00f3 que la intenci\u00f3n es atender a estos grupos vulnerables que se encuentran en diversos centros de readaptaci\u00f3n social para que puedan ser trasladados a centros m\u00e9dicos especializados<\/strong><\/p>\n<p>  <!--more-->  <\/p>\n<p>\u00a0<\/p>\n<p>La Asamblea Legislativa de la Ciudad de M\u00e9xico propus\u00f3 liberaci\u00f3n anticipada de personas presas que hayan cometido delitos no graves con da\u00f1o mental o discapacidad.<\/p>\n<p>Tras que asamble\u00edstas aprobaran, como urgente y obvia resoluci\u00f3n, pedir a secretar\u00edas de Gobierno y Salud, al Tribunal Superior de Justicia y a Subsecretar\u00eda del Sistema Penitenciario de la Ciudad de M\u00e9xico llevar a cabo una revisi\u00f3n exhaustiva a expedientes de internos considerados primodelincuentes.<\/p>\n<p>El 17 de febrero de este a\u00f1o, en el sistema penitenciario de la Ciudad de M\u00e9xico hab\u00eda 35 mil 896 personas privadas de su libertad, 3 mil 440 forman parte de alg\u00fan grupo vulnerable. Mil 30 inimputables y enfermos mentales, 501 adultos mayores, 499 personas con discapacidad, 230 extranjeros, 208 enfermos con VIH, 501 ind\u00edgenas, 456 de la comunidad LGBTTTI y 15 mujeres embarazadas.<\/p>\n<p>Subsecretar\u00eda del Sistema Penitenciario de M\u00e9xico inici\u00f3 en todos los centros de reclusi\u00f3n evaluaci\u00f3n a personas privadas de su libertad, de ah\u00ed que sea imprescindible conocer su estado de salud.<\/p>\n<p>Se solicit\u00f3 a la Consejer\u00eda Jur\u00eddica elaborar programa para evitar que personas permanezcan en reclusi\u00f3n por su condici\u00f3n de vulnerabilidad e insuficiencia alimentaria.<\/p>\n","protected":false},"excerpt":{"rendered":"<p>CIUDAD DE M\u00c9XICO Diputada perredista Rebeca Peralta asegur\u00f3 que la intenci\u00f3n es atender a estos grupos vulnerables que se encuentran en diversos centros de readaptaci\u00f3n social para que puedan ser trasladados a centros m\u00e9dicos especializados<\/p>\n","protected":false},"author":93,"featured_media":0,"comment_status":"open","ping_status":"open","sticky":false,"template":"","format":"standard","meta":{"footnotes":""},"categories":[37],"tags":[],"class_list":["post-18752","post","type-post","status-publish","format-standard","hentry","category-barandilla"],"_links":{"self":[{"href":"https:\/\/plazajuarez.mx\/historico\/wp-json\/wp\/v2\/posts\/18752","targetHints":{"allow":["GET"]}}],"collection":[{"href":"https:\/\/plazajuarez.mx\/historico\/wp-json\/wp\/v2\/posts"}],"about":[{"href":"https:\/\/plazajuarez.mx\/historico\/wp-json\/wp\/v2\/types\/post"}],"author":[{"embeddable":true,"href":"https:\/\/plazajuarez.mx\/historico\/wp-json\/wp\/v2\/users\/93"}],"replies":[{"embeddable":true,"href":"https:\/\/plazajuarez.mx\/historico\/wp-json\/wp\/v2\/comments?post=18752"}],"version-history":[{"count":0,"href":"https:\/\/plazajuarez.mx\/historico\/wp-json\/wp\/v2\/posts\/18752\/revisions"}],"wp:attachment":[{"href":"https:\/\/plazajuarez.mx\/historico\/wp-json\/wp\/v2\/media?parent=18752"}],"wp:term":[{"taxonomy":"category","embeddable":true,"href":"https:\/\/plazajuarez.mx\/historico\/wp-json\/wp\/v2\/categories?post=18752"},{"taxonomy":"post_tag","embeddable":true,"href":"https:\/\/plazajuarez.mx\/historico\/wp-json\/wp\/v2\/tags?post=18752"}],"curies":[{"name":"wp","href":"https:\/\/api.w.org\/{rel}","templated":true}]}}