{"id":18746,"date":"2016-03-22T15:58:25","date_gmt":"2016-03-22T15:58:25","guid":{"rendered":"http:\/\/plazajuarez.mx\/index\/index.php\/2016\/03\/22\/cae-globo-aerostatico-2-muertos-13-lesionados\/"},"modified":"2016-03-22T15:58:25","modified_gmt":"2016-03-22T15:58:25","slug":"cae-globo-aerostatico-2-muertos-13-lesionados","status":"publish","type":"post","link":"https:\/\/plazajuarez.mx\/historico\/cae-globo-aerostatico-2-muertos-13-lesionados\/","title":{"rendered":"Cae globo aerost\u00e1tico; 2 muertos, 13 lesionados"},"content":{"rendered":"<p><strong>Acatl\u00e1n<\/strong><\/p>\n<ul>\n<li><strong>Con lamentable saldo rojo inici\u00f3 la Semana Santa<\/strong><\/li>\n<\/ul>\n<p>A\u00fan se ignoran las causas del accidente; s\u00f3lo se confirm\u00f3 que dos personas hab\u00edan muerto por quemaduras provocadas por el gas del globo, el cual aparentemente estall\u00f3 en pleno vuelo.<\/p>\n<p>  <!--more-->  <\/p>\n<p>\u00a0<\/p>\n<p>Un globo aerost\u00e1tico cay\u00f3 la ma\u00f1ana de ayer sobre los l\u00edmites de los municipios de Acatl\u00e1n y Agua Blanca, dejando un saldo de dos personas calcinadas, y trece lesionados, ya que a la ca\u00edda del globo sigui\u00f3 una explosi\u00f3n de un tanque de gas.<\/p>\n<p>\u00a0<\/p>\n<p>Los hechos se suscitaron ayer, en la comunidad del El Yolo, alrededor de las 8.20 horas, de acuerdo al reporte emitido por parte de vecinos de la comunidad en cuanto a la ca\u00edda del globo; el cual era propiedad de la empresa Aeronautas de M\u00e9xico, que ofrece el servicio en el municipio de Metepec.<\/p>\n<p>\u00a0<\/p>\n<p>Dicho servicio fue contratado en un hotel del municipio de Huasca, el cual se contact\u00f3 con la empresa de transportaci\u00f3n recreativa, encargada directa. A lo largo del d\u00eda sigui\u00f3 el proceso del peritaje para conocer con certeza las causas del tr\u00e1gico accidente.<\/p>\n<p>\u00a0<\/p>\n<p>Elementos de servicios de emergencia en la regi\u00f3n apoyaron al traslado a diversos centros hospitalarios de Germ\u00e1n Osorio Vargas, piloto de la nave, quien se encuentra en estado de coma, con quemaduras en 60 por ciento de su cuerpo.<\/p>\n<p>\u00a0<\/p>\n<p>Adem\u00e1s, est\u00e1 hospitalizado Hugo Isaac Ben\u00edtez Avil\u00e9s, con quemaduras en la tercera parte de su cuerpo, as\u00ed como Mario Arturo Mac\u00edas Soto, quien fue trasladado a la Ciudad de M\u00e9xico, por la gravedad de sus lesiones.<\/p>\n<p>\u00a0<\/p>\n<p>Sonia y Sara Moreno Cruz y Gabriel Gonz\u00e1lez Mart\u00ednez, junto con Luis David Aceves Moreno, Jenny Montserrat Gonz\u00e1lez Ramos, Julio Arnaud, Edna Victoria Hern\u00e1ndez Guerrero, Paula Ben\u00edtez Silva, Cinthya Ileana Pe\u00f1a D\u00edaz y Evelyn Melo, son otros lesionados.<\/p>\n<p>\u00a0<\/p>\n<p>Completan la lista Arely Jocelyn Andrade Ju\u00e1rez, Alexa Meneses Vargas, Daniel Campuzano Gonz\u00e1lez, Silvia Liliana \u00c1ngeles Granados y Hugo Arteaga Gu\u00edzar.<\/p>\n<p>\u00a0<\/p>\n<p>En el lugar de los hechos, quedaron dos cuerpos calcinados, de quienes hasta el cierre de esta edici\u00f3n se desconoc\u00eda su identidad.<\/p>\n<p>\u00a0<\/p>\n<p>Los hechos fueron asentados en la carpeta de investigaci\u00f3n 18-2016-0168, en el distrito de Tulancingo, por la muerte de dos personas al caer el globo.<\/p>\n<p>\u00a0<\/p>\n<p>Cabe se\u00f1alar que hubo complicaciones para poder realizar las labores de rescate, debido a que el acceso a la comunidad de El Yolo es sumamente dif\u00edcil.<\/p>\n","protected":false},"excerpt":{"rendered":"<p>Acatl\u00e1n Con lamentable saldo rojo inici\u00f3 la Semana Santa A\u00fan se ignoran las causas del accidente; s\u00f3lo se confirm\u00f3 que dos personas hab\u00edan muerto por quemaduras provocadas por el gas del globo, el cual aparentemente estall\u00f3 en pleno vuelo.<\/p>\n","protected":false},"author":93,"featured_media":0,"comment_status":"open","ping_status":"open","sticky":false,"template":"","format":"standard","meta":{"footnotes":""},"categories":[59],"tags":[],"class_list":["post-18746","post","type-post","status-publish","format-standard","hentry","category-general"],"_links":{"self":[{"href":"https:\/\/plazajuarez.mx\/historico\/wp-json\/wp\/v2\/posts\/18746","targetHints":{"allow":["GET"]}}],"collection":[{"href":"https:\/\/plazajuarez.mx\/historico\/wp-json\/wp\/v2\/posts"}],"about":[{"href":"https:\/\/plazajuarez.mx\/historico\/wp-json\/wp\/v2\/types\/post"}],"author":[{"embeddable":true,"href":"https:\/\/plazajuarez.mx\/historico\/wp-json\/wp\/v2\/users\/93"}],"replies":[{"embeddable":true,"href":"https:\/\/plazajuarez.mx\/historico\/wp-json\/wp\/v2\/comments?post=18746"}],"version-history":[{"count":0,"href":"https:\/\/plazajuarez.mx\/historico\/wp-json\/wp\/v2\/posts\/18746\/revisions"}],"wp:attachment":[{"href":"https:\/\/plazajuarez.mx\/historico\/wp-json\/wp\/v2\/media?parent=18746"}],"wp:term":[{"taxonomy":"category","embeddable":true,"href":"https:\/\/plazajuarez.mx\/historico\/wp-json\/wp\/v2\/categories?post=18746"},{"taxonomy":"post_tag","embeddable":true,"href":"https:\/\/plazajuarez.mx\/historico\/wp-json\/wp\/v2\/tags?post=18746"}],"curies":[{"name":"wp","href":"https:\/\/api.w.org\/{rel}","templated":true}]}}