{"id":18745,"date":"2016-03-22T15:57:26","date_gmt":"2016-03-22T15:57:26","guid":{"rendered":"http:\/\/plazajuarez.mx\/index\/index.php\/2016\/03\/22\/el-turismo-podria-verse-afectado-en-estas-vacaciones-for\/"},"modified":"2016-03-22T15:57:26","modified_gmt":"2016-03-22T15:57:26","slug":"el-turismo-podria-verse-afectado-en-estas-vacaciones-for","status":"publish","type":"post","link":"https:\/\/plazajuarez.mx\/historico\/el-turismo-podria-verse-afectado-en-estas-vacaciones-for\/","title":{"rendered":"El turismo podr\u00eda verse afectado en estas vacaciones: FOR"},"content":{"rendered":"<p>POR CA\u00cdDA DE GLOBO AEROST\u00c1TICO EN ACATL\u00c1N<\/p>\n<p>El mandatario estatal reconoci\u00f3 que dicha situaci\u00f3n puede ser detonante para que muchas personas, que incluso ya hab\u00edan apartado su vuelo en globo para las vacaciones de semana santa, decidan cancelar<\/p>\n<p>  <!--more-->  <\/p>\n<p>\u00a0<\/p>\n<p>El gobernador de la entidad, Francisco Olvera Ruiz, inform\u00f3 que derivado del accidente ocurrido en el municipio de Acatl\u00e1n en donde un globo aerost\u00e1tico se desplom\u00f3, y a consecuencia 13 personas resultaron heridas y dos quedaron completamente calcinadas, la actividad tur\u00edstica para Hidalgo podr\u00eda verse afectada.<\/p>\n<p>\u00a0<\/p>\n<p>El mandatario estatal reconoci\u00f3 que dicha situaci\u00f3n puede ser detonante para que muchas personas, que incluso ya hab\u00edan apartado su vuelo en globo para las vacaciones de semana santa decidan cancelarlo, sin embargo destac\u00f3 que el estado har\u00e1 todo a su alcance para asegurar que este tipo de incidente no se vuelva a repetir.<\/p>\n<p>\u00a0<\/p>\n<p>Por lo anterior, apunt\u00f3 que Protecci\u00f3n Civil se encargar\u00e1 de revisar que el resto de la flotilla de globos se encuentre en \u00f3ptimas condiciones, aunque dej\u00f3 en claro que dicho trabajo le corresponde a la Secretar\u00eda de Comunicaciones y Transportes (SCT).<\/p>\n<p>\u00a0<\/p>\n<p>\u201cAeron\u00e1utica Civil de la Secretar\u00eda de Comunicaciones y Transportes, deber\u00eda estar vigilando que cada globo est\u00e9 en condiciones \u00f3ptimas, sin embargo por parte del estado hemos enviado al personal de Protecci\u00f3n Civil, para que hagan lo propio y revisen ya que mucha gente que ten\u00eda previsto tener un viaje en globo en sus pr\u00f3ximas vacaciones, seguramente ya no querr\u00e1 subirse\u201d, dijo.<\/p>\n<p>\u00a0<\/p>\n<p><strong>Bajar tarifas de Tuzob\u00fas<\/strong><\/p>\n<p>En otro tema, y referente al anuncio que hiciera el pasado fin de semana, sobre la disminuci\u00f3n al precio de la tarifa del Tuzob\u00fas, el gobernador dijo que de ninguna manera ser\u00e1 una medida electorera, y que dicha determinaci\u00f3n obedece a que se requiere de que sean m\u00e1s los usuarios que usen dicho transporte.<\/p>\n<p>Lo anterior luego de que realizara un recorrido por el municipio de Mineral de la Reforma en donde: primero, inaugur\u00f3 el Centro Cultural Mineralense e hiciera una supervisi\u00f3n en la biblioteca \u201cMar\u00eda Elena Eleuteria Gonz\u00e1lez\u201d, lugar en donde adem\u00e1s de la consulta de libros, los mineralenses podr\u00e1n contar con equipo de c\u00f3mputo para acceder a m\u00e1s contenidos que fortalezcan su capital de conocimiento.<\/p>\n<p>Posteriormente el mandatario estatal se dirigi\u00f3 a Rinconadas del Venado para inaugurar las primeras etapas del \u201cParque Rinconadas del Venado\u201d y supervisar el avance de una tercera etapa, para concluir en un evento realizado en la colonia PRI Chac\u00f3n, en donde inaugur\u00f3 el Club del Adulto Mayor y supervis\u00f3 la pinta de los edificios.<\/p>\n","protected":false},"excerpt":{"rendered":"<p>POR CA\u00cdDA DE GLOBO AEROST\u00c1TICO EN ACATL\u00c1N El mandatario estatal reconoci\u00f3 que dicha situaci\u00f3n puede ser detonante para que muchas personas, que incluso ya hab\u00edan apartado su vuelo en globo para las vacaciones de semana santa, decidan cancelar<\/p>\n","protected":false},"author":93,"featured_media":0,"comment_status":"open","ping_status":"open","sticky":false,"template":"","format":"standard","meta":{"footnotes":""},"categories":[59],"tags":[],"class_list":["post-18745","post","type-post","status-publish","format-standard","hentry","category-general"],"_links":{"self":[{"href":"https:\/\/plazajuarez.mx\/historico\/wp-json\/wp\/v2\/posts\/18745","targetHints":{"allow":["GET"]}}],"collection":[{"href":"https:\/\/plazajuarez.mx\/historico\/wp-json\/wp\/v2\/posts"}],"about":[{"href":"https:\/\/plazajuarez.mx\/historico\/wp-json\/wp\/v2\/types\/post"}],"author":[{"embeddable":true,"href":"https:\/\/plazajuarez.mx\/historico\/wp-json\/wp\/v2\/users\/93"}],"replies":[{"embeddable":true,"href":"https:\/\/plazajuarez.mx\/historico\/wp-json\/wp\/v2\/comments?post=18745"}],"version-history":[{"count":0,"href":"https:\/\/plazajuarez.mx\/historico\/wp-json\/wp\/v2\/posts\/18745\/revisions"}],"wp:attachment":[{"href":"https:\/\/plazajuarez.mx\/historico\/wp-json\/wp\/v2\/media?parent=18745"}],"wp:term":[{"taxonomy":"category","embeddable":true,"href":"https:\/\/plazajuarez.mx\/historico\/wp-json\/wp\/v2\/categories?post=18745"},{"taxonomy":"post_tag","embeddable":true,"href":"https:\/\/plazajuarez.mx\/historico\/wp-json\/wp\/v2\/tags?post=18745"}],"curies":[{"name":"wp","href":"https:\/\/api.w.org\/{rel}","templated":true}]}}