{"id":186991,"date":"2021-10-17T06:00:00","date_gmt":"2021-10-17T11:00:00","guid":{"rendered":"https:\/\/plazajuarez.mx\/?p=186991"},"modified":"2021-10-16T23:46:36","modified_gmt":"2021-10-17T04:46:36","slug":"yanet-garcia-una-madrina-muy-sexy","status":"publish","type":"post","link":"https:\/\/plazajuarez.mx\/historico\/yanet-garcia-una-madrina-muy-sexy\/","title":{"rendered":"Yanet Garc\u00eda, una madrina muy sexy"},"content":{"rendered":"\n<p class=\"wp-block-paragraph\">Yanet Garc\u00eda sorprendi\u00f3 con su aparici\u00f3n en la portada de &#8220;Penthouse&#8221;. La famosa &#8220;Chica del clima&#8221; presumi\u00f3 la sensual sesi\u00f3n de fotos en la que particip\u00f3 como madrina del lanzamiento de la publicaci\u00f3n en M\u00e9xico.<\/p>\n\n\n\n<p class=\"wp-block-paragraph\">La que fue presentadora del clima y ahora cuenta con su p\u00e1gina de OnlyFans, presumi\u00f3 su sexy aparici\u00f3n en la revista con un mensaje de empoderamiento en el que, adem\u00e1s de hablarle a la Yanet Garc\u00eda del pasado, tambi\u00e9n se siente orgullosa de haber luchado por sus sue\u00f1os.<\/p>\n","protected":false},"excerpt":{"rendered":"<p>Yanet Garc\u00eda sorprendi\u00f3 con su aparici\u00f3n en la portada de &#8220;Penthouse&#8221;. La famosa &#8220;Chica del clima&#8221; presumi\u00f3 la sensual sesi\u00f3n de fotos en la que particip\u00f3 como madrina del lanzamiento de la publicaci\u00f3n en M\u00e9xico. La que fue presentadora del clima y ahora cuenta con su p\u00e1gina de OnlyFans, presumi\u00f3 su sexy aparici\u00f3n en la [&hellip;]<\/p>\n","protected":false},"author":81,"featured_media":186994,"comment_status":"closed","ping_status":"closed","sticky":false,"template":"","format":"standard","meta":{"footnotes":""},"categories":[38],"tags":[],"class_list":["post-186991","post","type-post","status-publish","format-standard","has-post-thumbnail","hentry","category-show"],"_links":{"self":[{"href":"https:\/\/plazajuarez.mx\/historico\/wp-json\/wp\/v2\/posts\/186991","targetHints":{"allow":["GET"]}}],"collection":[{"href":"https:\/\/plazajuarez.mx\/historico\/wp-json\/wp\/v2\/posts"}],"about":[{"href":"https:\/\/plazajuarez.mx\/historico\/wp-json\/wp\/v2\/types\/post"}],"author":[{"embeddable":true,"href":"https:\/\/plazajuarez.mx\/historico\/wp-json\/wp\/v2\/users\/81"}],"replies":[{"embeddable":true,"href":"https:\/\/plazajuarez.mx\/historico\/wp-json\/wp\/v2\/comments?post=186991"}],"version-history":[{"count":0,"href":"https:\/\/plazajuarez.mx\/historico\/wp-json\/wp\/v2\/posts\/186991\/revisions"}],"wp:featuredmedia":[{"embeddable":true,"href":"https:\/\/plazajuarez.mx\/historico\/wp-json\/wp\/v2\/media\/186994"}],"wp:attachment":[{"href":"https:\/\/plazajuarez.mx\/historico\/wp-json\/wp\/v2\/media?parent=186991"}],"wp:term":[{"taxonomy":"category","embeddable":true,"href":"https:\/\/plazajuarez.mx\/historico\/wp-json\/wp\/v2\/categories?post=186991"},{"taxonomy":"post_tag","embeddable":true,"href":"https:\/\/plazajuarez.mx\/historico\/wp-json\/wp\/v2\/tags?post=186991"}],"curies":[{"name":"wp","href":"https:\/\/api.w.org\/{rel}","templated":true}]}}