{"id":186979,"date":"2021-10-17T06:00:00","date_gmt":"2021-10-17T11:00:00","guid":{"rendered":"https:\/\/plazajuarez.mx\/?p=186979"},"modified":"2021-10-16T23:37:17","modified_gmt":"2021-10-17T04:37:17","slug":"mural-compuesto-de-cenizas-amazonicas-cobra-vida-en-brasil","status":"publish","type":"post","link":"https:\/\/plazajuarez.mx\/historico\/mural-compuesto-de-cenizas-amazonicas-cobra-vida-en-brasil\/","title":{"rendered":"Mural compuesto de cenizas amaz\u00f3nicas, cobra vida en Brasil"},"content":{"rendered":"\n<p class=\"wp-block-paragraph\">(EFE).- Con m\u00e1s de 200 kilos de cenizas recogidas en la Amazon\u00eda y otros biomas que ardieron en los recientes incendios en Brasil, el &#8220;artivista&#8221; Mundano les devuelve a la vida a trav\u00e9s de sus pinceladas en un enorme mural en Sao Paulo, donde busca denunciar el &#8220;desmontaje&#8221; ambiental que azota el pa\u00eds.<\/p>\n\n\n\n<p class=\"wp-block-paragraph\">&#8220;Quiero instigar a las personas a reflexionar sobre qu\u00e9 futuro quieren, porque el cambio clim\u00e1tico ya es la realidad, ya vemos sus impactos en todo el mundo&#8221;, afirma el artista y activista en una entrevista con Efe.<\/p>\n\n\n\n<p class=\"wp-block-paragraph\">En el centro de la ciudad de Sao Paulo, tambi\u00e9n conocida como la &#8220;jungla de cemento&#8221; de Brasil, las diferentes matices de blanco, negro y grises que conforman el inmenso mural de 1.000 metros cuadrados adornan el ca\u00f3tico y l\u00e1nguido paisaje del coraz\u00f3n de la mayor metr\u00f3poli de Sudam\u00e9rica.<\/p>\n\n\n\n<p class=\"wp-block-paragraph\">La obra es una recreaci\u00f3n de la emblem\u00e1tica pintura &#8220;El labrador del caf\u00e9&#8221; (1934), del modernista C\u00e1ndido Portinari, en la que el protagonista, originalmente un trabajador negro en un cafetal que deja en evidencia la desigualdad social, da lugar a un brigadista que ahora combate los fuegos y pone el foco en la urgencia clim\u00e1tica.<\/p>\n\n\n\n<p class=\"wp-block-paragraph\">&#8220;Tuve esa idea de hacer la relectura del &#8216;Labrador de caf\u00e9&#8217;, que es una obra ic\u00f3nica de Portinari, porque ella es pionera en mostrar la desigualdad y tambi\u00e9n los impactos del agronegocio&#8221;, explica.<\/p>\n","protected":false},"excerpt":{"rendered":"<p>(EFE).- Con m\u00e1s de 200 kilos de cenizas recogidas en la Amazon\u00eda y otros biomas que ardieron en los recientes incendios en Brasil, el &#8220;artivista&#8221; Mundano les devuelve a la vida a trav\u00e9s de sus pinceladas en un enorme mural en Sao Paulo, donde busca denunciar el &#8220;desmontaje&#8221; ambiental que azota el pa\u00eds. &#8220;Quiero instigar [&hellip;]<\/p>\n","protected":false},"author":80,"featured_media":186980,"comment_status":"closed","ping_status":"closed","sticky":false,"template":"","format":"standard","meta":{"footnotes":""},"categories":[41],"tags":[],"class_list":["post-186979","post","type-post","status-publish","format-standard","has-post-thumbnail","hentry","category-arteria-cultural"],"_links":{"self":[{"href":"https:\/\/plazajuarez.mx\/historico\/wp-json\/wp\/v2\/posts\/186979","targetHints":{"allow":["GET"]}}],"collection":[{"href":"https:\/\/plazajuarez.mx\/historico\/wp-json\/wp\/v2\/posts"}],"about":[{"href":"https:\/\/plazajuarez.mx\/historico\/wp-json\/wp\/v2\/types\/post"}],"author":[{"embeddable":true,"href":"https:\/\/plazajuarez.mx\/historico\/wp-json\/wp\/v2\/users\/80"}],"replies":[{"embeddable":true,"href":"https:\/\/plazajuarez.mx\/historico\/wp-json\/wp\/v2\/comments?post=186979"}],"version-history":[{"count":0,"href":"https:\/\/plazajuarez.mx\/historico\/wp-json\/wp\/v2\/posts\/186979\/revisions"}],"wp:featuredmedia":[{"embeddable":true,"href":"https:\/\/plazajuarez.mx\/historico\/wp-json\/wp\/v2\/media\/186980"}],"wp:attachment":[{"href":"https:\/\/plazajuarez.mx\/historico\/wp-json\/wp\/v2\/media?parent=186979"}],"wp:term":[{"taxonomy":"category","embeddable":true,"href":"https:\/\/plazajuarez.mx\/historico\/wp-json\/wp\/v2\/categories?post=186979"},{"taxonomy":"post_tag","embeddable":true,"href":"https:\/\/plazajuarez.mx\/historico\/wp-json\/wp\/v2\/tags?post=186979"}],"curies":[{"name":"wp","href":"https:\/\/api.w.org\/{rel}","templated":true}]}}