{"id":186972,"date":"2021-10-17T06:00:00","date_gmt":"2021-10-17T11:00:00","guid":{"rendered":"https:\/\/plazajuarez.mx\/?p=186972"},"modified":"2021-10-16T23:34:00","modified_gmt":"2021-10-17T04:34:00","slug":"por-despojo-ocurrido-en-tlahuelilpan-una-persona-fue-vinculada-a-proceso","status":"publish","type":"post","link":"https:\/\/plazajuarez.mx\/historico\/por-despojo-ocurrido-en-tlahuelilpan-una-persona-fue-vinculada-a-proceso\/","title":{"rendered":"Por despojo ocurrido en Tlahuelilpan, una persona fue vinculada a proceso"},"content":{"rendered":"\n<p class=\"wp-block-paragraph\">Mediante investigaciones de un agente del Ministerio P\u00fablico adscrito a la Subprocuradur\u00eda de Procedimientos Penales regi\u00f3n poniente, un juez de control dict\u00f3 vinculaci\u00f3n a proceso para una persona por despojo.<\/p>\n\n\n\n<p class=\"wp-block-paragraph\">Los hechos denunciados ocurrieron el 13 de mayo del 2018 en Tlahuelilpan, situaci\u00f3n que origin\u00f3 el inicio de una carpeta de investigaci\u00f3n contra el probable, a quien la agraviada se\u00f1ala como quien habr\u00eda cambiado la chapa de un inmueble impidiendo el acceso de la v\u00edctima, la cual es copropietaria.<\/p>\n\n\n\n<p class=\"wp-block-paragraph\">Una vez que la v\u00edctima requiri\u00f3 intervenci\u00f3n de la PGJEH, un agente del Ministerio P\u00fablico se alleg\u00f3 de datos de prueba contra la persona imputada, identificada como Lucino \u201cN\u201d, mismos que present\u00f3 ante la autoridad judicial para solicitar la vinculaci\u00f3n a proceso.<\/p>\n\n\n\n<p class=\"wp-block-paragraph\">Con lo aportado por esta representaci\u00f3n social la autoridad judicial dict\u00f3 la vinculaci\u00f3n a proceso e impuso como medida cautelar la firma peri\u00f3dica mensual; se establecieron dos meses como plazo para el cierre de la investigaci\u00f3n complementaria.<\/p>\n","protected":false},"excerpt":{"rendered":"<p>Mediante investigaciones de un agente del Ministerio P\u00fablico adscrito a la Subprocuradur\u00eda de Procedimientos Penales regi\u00f3n poniente, un juez de control dict\u00f3 vinculaci\u00f3n a proceso para una persona por despojo. Los hechos denunciados ocurrieron el 13 de mayo del 2018 en Tlahuelilpan, situaci\u00f3n que origin\u00f3 el inicio de una carpeta de investigaci\u00f3n contra el probable, [&hellip;]<\/p>\n","protected":false},"author":93,"featured_media":186975,"comment_status":"closed","ping_status":"closed","sticky":false,"template":"","format":"standard","meta":{"footnotes":""},"categories":[37],"tags":[],"class_list":["post-186972","post","type-post","status-publish","format-standard","has-post-thumbnail","hentry","category-barandilla"],"_links":{"self":[{"href":"https:\/\/plazajuarez.mx\/historico\/wp-json\/wp\/v2\/posts\/186972","targetHints":{"allow":["GET"]}}],"collection":[{"href":"https:\/\/plazajuarez.mx\/historico\/wp-json\/wp\/v2\/posts"}],"about":[{"href":"https:\/\/plazajuarez.mx\/historico\/wp-json\/wp\/v2\/types\/post"}],"author":[{"embeddable":true,"href":"https:\/\/plazajuarez.mx\/historico\/wp-json\/wp\/v2\/users\/93"}],"replies":[{"embeddable":true,"href":"https:\/\/plazajuarez.mx\/historico\/wp-json\/wp\/v2\/comments?post=186972"}],"version-history":[{"count":0,"href":"https:\/\/plazajuarez.mx\/historico\/wp-json\/wp\/v2\/posts\/186972\/revisions"}],"wp:featuredmedia":[{"embeddable":true,"href":"https:\/\/plazajuarez.mx\/historico\/wp-json\/wp\/v2\/media\/186975"}],"wp:attachment":[{"href":"https:\/\/plazajuarez.mx\/historico\/wp-json\/wp\/v2\/media?parent=186972"}],"wp:term":[{"taxonomy":"category","embeddable":true,"href":"https:\/\/plazajuarez.mx\/historico\/wp-json\/wp\/v2\/categories?post=186972"},{"taxonomy":"post_tag","embeddable":true,"href":"https:\/\/plazajuarez.mx\/historico\/wp-json\/wp\/v2\/tags?post=186972"}],"curies":[{"name":"wp","href":"https:\/\/api.w.org\/{rel}","templated":true}]}}