{"id":186971,"date":"2021-10-17T06:00:00","date_gmt":"2021-10-17T11:00:00","guid":{"rendered":"https:\/\/plazajuarez.mx\/?p=186971"},"modified":"2021-10-16T23:34:20","modified_gmt":"2021-10-17T04:34:20","slug":"celebran-clausura-de-capacitacion-binacional-sobre-el-microtrafico","status":"publish","type":"post","link":"https:\/\/plazajuarez.mx\/historico\/celebran-clausura-de-capacitacion-binacional-sobre-el-microtrafico\/","title":{"rendered":"Celebran clausura de capacitaci\u00f3n binacional sobre el Microtr\u00e1fico"},"content":{"rendered":"\n<p class=\"wp-block-paragraph\">Con la expedici\u00f3n de un comunicado oficial, ayer se dio a conocer que con la presencia del embajador de la Rep\u00fablica de Chile en M\u00e9xico, Domingo Arteaga Echeverr\u00eda, el Gobierno de Hidalgo celebr\u00f3 la clausura de la capacitaci\u00f3n binacional sobre Microtr\u00e1fico (narcomenudeo) Cero, impartida a agentes de Polic\u00eda Estatal, del Ministerio P\u00fablico y jueces de los estados de Hidalgo, M\u00e9xico y la Ciudad de M\u00e9xico.<\/p>\n\n\n\n<p class=\"wp-block-paragraph\">El curso, celebrado en el Instituto de Formaci\u00f3n Profesional de la Secretar\u00eda de Seguridad P\u00fablica de Hidalgo, fue encabezado durante dos semanas por la Polic\u00eda Nacional de Investigaciones de Chile (PDI) para el an\u00e1lisis de experiencias comparadas entre naciones y con ello fortalecer las metodolog\u00edas de investigaci\u00f3n contra puntos de venta de droga y traficantes al menudeo.<\/p>\n\n\n\n<p class=\"wp-block-paragraph\">Al respecto, Jos\u00e9 Luis Romo, secretario ejecutivo de la Pol\u00edtica P\u00fablica estatal, quien asisti\u00f3 en representaci\u00f3n del Gobernador Omar Fayad, afirm\u00f3 que la seguridad de las familias hidalguenses ha sido prioridad desde el primer d\u00eda de la administraci\u00f3n, por ello se ha implementado una estrategia integral en la que participan todas las Secretar\u00edas del gabinete y ello ha dado resultados positivos.<\/p>\n\n\n\n<p class=\"wp-block-paragraph\">Asimismo, coment\u00f3 que la cooperaci\u00f3n internacional permite fortalecer lazos entre gobiernos, compartir experiencias y trabajar en coordinaci\u00f3n por mejores pol\u00edticas p\u00fablicas que se vean reflejadas en el d\u00eda a d\u00eda de las familias.<\/p>\n\n\n\n<p class=\"wp-block-paragraph\">Al respecto, el embajador Domingo Arteaga, expres\u00f3 que M\u00e9xico, al igual que Chile, presentan grandes retos ante el tr\u00e1fico y consumo de drogas. Se\u00f1al\u00f3 que en nuestra colonia, nuestro barrio, nuestras calle es en donde los ni\u00f1os, ni\u00f1as y j\u00f3venes se convierten en el sector m\u00e1s vulnerable ante esta problem\u00e1tica social, de salud y seguridad p\u00fablica.<\/p>\n\n\n\n<p class=\"wp-block-paragraph\">Por ello, destac\u00f3 el intercambio de conocimientos entre instancias de seguridad y justicia y de las y los funcionarios encargados de hacer cumplir la ley de ambos pa\u00edses para la prevenci\u00f3n, combate e investigaci\u00f3n del flagelo que representa el microtr\u00e1fico de estupefacientes.<\/p>\n\n\n\n<p class=\"wp-block-paragraph\">Finalmente, Mauricio Delmar, secretario de Seguridad P\u00fablica de Hidalgo, manifest\u00f3 que el Gobierno de Hidalgo busca, con capacitaciones internacionales de esta categor\u00eda, el contar con mejores cuerpos de seguridad, que sean motivo de confianza en la ciudadan\u00eda, que resuelvan las situaciones que inquietan a la poblaci\u00f3n, y que dentro de ese esquema multifuncional y mutifac\u00e9tico que desempe\u00f1an las y los polic\u00edas, transmitan tranquilidad y protecci\u00f3n.<\/p>\n\n\n\n<p class=\"wp-block-paragraph\">El funcionario del gobierno hidalguense asegur\u00f3 que \u201cEl Curso Microtr\u00e1fico Cero, impartido por la Polic\u00eda de Investigaciones de Chile a polic\u00edas, ministerios p\u00fablicos y jueces de Hidalgo, Edom\u00e9x y CDMX gener\u00f3 la transmisi\u00f3n de conocimientos y el intercambio de informaci\u00f3n en la prevenci\u00f3n, combate e investigaci\u00f3n contra el narcomenudeo\u201d.<\/p>\n\n\n\n<p class=\"wp-block-paragraph\">Participaron en el encuentro la magistrada Yanet Herrera, presidenta del Tribunal Superior de Justicia del Estado de Hidalgo; el diputado Octavio Maga\u00f1a, presidente de la Comisi\u00f3n de Seguridad Ciudadana y Justicia del Congreso de Hidalgo; y Sergio Vargas, secretario de Desarrollo Econ\u00f3mico del Gobierno de Hidalgo; entre otras personalidades.<\/p>\n","protected":false},"excerpt":{"rendered":"<p>Con la expedici\u00f3n de un comunicado oficial, ayer se dio a conocer que con la presencia del embajador de la Rep\u00fablica de Chile en M\u00e9xico, Domingo Arteaga Echeverr\u00eda, el Gobierno de Hidalgo celebr\u00f3 la clausura de la capacitaci\u00f3n binacional sobre Microtr\u00e1fico (narcomenudeo) Cero, impartida a agentes de Polic\u00eda Estatal, del Ministerio P\u00fablico y jueces de [&hellip;]<\/p>\n","protected":false},"author":93,"featured_media":186974,"comment_status":"closed","ping_status":"closed","sticky":false,"template":"","format":"standard","meta":{"footnotes":""},"categories":[37],"tags":[],"class_list":["post-186971","post","type-post","status-publish","format-standard","has-post-thumbnail","hentry","category-barandilla"],"_links":{"self":[{"href":"https:\/\/plazajuarez.mx\/historico\/wp-json\/wp\/v2\/posts\/186971","targetHints":{"allow":["GET"]}}],"collection":[{"href":"https:\/\/plazajuarez.mx\/historico\/wp-json\/wp\/v2\/posts"}],"about":[{"href":"https:\/\/plazajuarez.mx\/historico\/wp-json\/wp\/v2\/types\/post"}],"author":[{"embeddable":true,"href":"https:\/\/plazajuarez.mx\/historico\/wp-json\/wp\/v2\/users\/93"}],"replies":[{"embeddable":true,"href":"https:\/\/plazajuarez.mx\/historico\/wp-json\/wp\/v2\/comments?post=186971"}],"version-history":[{"count":0,"href":"https:\/\/plazajuarez.mx\/historico\/wp-json\/wp\/v2\/posts\/186971\/revisions"}],"wp:featuredmedia":[{"embeddable":true,"href":"https:\/\/plazajuarez.mx\/historico\/wp-json\/wp\/v2\/media\/186974"}],"wp:attachment":[{"href":"https:\/\/plazajuarez.mx\/historico\/wp-json\/wp\/v2\/media?parent=186971"}],"wp:term":[{"taxonomy":"category","embeddable":true,"href":"https:\/\/plazajuarez.mx\/historico\/wp-json\/wp\/v2\/categories?post=186971"},{"taxonomy":"post_tag","embeddable":true,"href":"https:\/\/plazajuarez.mx\/historico\/wp-json\/wp\/v2\/tags?post=186971"}],"curies":[{"name":"wp","href":"https:\/\/api.w.org\/{rel}","templated":true}]}}