{"id":186420,"date":"2021-10-14T08:40:03","date_gmt":"2021-10-14T13:40:03","guid":{"rendered":"https:\/\/plazajuarez.mx\/?p=186420"},"modified":"2021-10-14T08:40:15","modified_gmt":"2021-10-14T13:40:15","slug":"mexico-celebra-la-reapertura-de-la-frontera-con-eu","status":"publish","type":"post","link":"https:\/\/plazajuarez.mx\/historico\/mexico-celebra-la-reapertura-de-la-frontera-con-eu\/","title":{"rendered":"M\u00e9xico celebra la reapertura de la frontera con EU"},"content":{"rendered":"\n<p class=\"wp-block-paragraph\">EFE.- Las autoridades mexicanas celebraron ayer la decisi\u00f3n de EU de reabrir a partir de noviembre sus fronteras terrestres, cerradas por la pandemia de covid-19 desde marzo de 2020, y destacaron la &#8220;cercan\u00eda&#8221; entre ambos Gobiernos.<\/p>\n\n\n\n<p class=\"wp-block-paragraph\">&#8220;La cercan\u00eda que tenemos en este momento con EU en materias que tienen que ver con millones de personas no se ve\u00eda desde hac\u00eda muchos a\u00f1os&#8221;, dijo el canciller mexicano, Marcelo Ebrard, durante la ma\u00f1anera de AMLO.&nbsp;<\/p>\n\n\n\n<p class=\"wp-block-paragraph\">La Casa Blanca anunci\u00f3 el martes por la noche que abrir\u00e1 sus fronteras terrestres con M\u00e9xico y Canad\u00e1 en una fecha de noviembre a\u00fan por confirmar y requerir\u00e1 a los viajeros que quieran ingresar una prueba de vacunaci\u00f3n con pauta completa.<\/p>\n\n\n\n<p class=\"wp-block-paragraph\">La reapertura de la frontera, hasta ahora cerrada a viajes no esenciales, ha sido una demanda reiterada de M\u00e9xico, que en verano aceler\u00f3 la vacunaci\u00f3n en los 45 municipios fronterizos para facilitar un acuerdo al respecto.<\/p>\n","protected":false},"excerpt":{"rendered":"<p>EFE.- Las autoridades mexicanas celebraron ayer la decisi\u00f3n de EU de reabrir a partir de noviembre sus fronteras terrestres, cerradas por la pandemia de covid-19 desde marzo de 2020, y destacaron la &#8220;cercan\u00eda&#8221; entre ambos Gobiernos. &#8220;La cercan\u00eda que tenemos en este momento con EU en materias que tienen que ver con millones de personas [&hellip;]<\/p>\n","protected":false},"author":80,"featured_media":186422,"comment_status":"closed","ping_status":"closed","sticky":false,"template":"","format":"standard","meta":{"footnotes":""},"categories":[36],"tags":[],"class_list":["post-186420","post","type-post","status-publish","format-standard","has-post-thumbnail","hentry","category-nacion"],"_links":{"self":[{"href":"https:\/\/plazajuarez.mx\/historico\/wp-json\/wp\/v2\/posts\/186420","targetHints":{"allow":["GET"]}}],"collection":[{"href":"https:\/\/plazajuarez.mx\/historico\/wp-json\/wp\/v2\/posts"}],"about":[{"href":"https:\/\/plazajuarez.mx\/historico\/wp-json\/wp\/v2\/types\/post"}],"author":[{"embeddable":true,"href":"https:\/\/plazajuarez.mx\/historico\/wp-json\/wp\/v2\/users\/80"}],"replies":[{"embeddable":true,"href":"https:\/\/plazajuarez.mx\/historico\/wp-json\/wp\/v2\/comments?post=186420"}],"version-history":[{"count":0,"href":"https:\/\/plazajuarez.mx\/historico\/wp-json\/wp\/v2\/posts\/186420\/revisions"}],"wp:featuredmedia":[{"embeddable":true,"href":"https:\/\/plazajuarez.mx\/historico\/wp-json\/wp\/v2\/media\/186422"}],"wp:attachment":[{"href":"https:\/\/plazajuarez.mx\/historico\/wp-json\/wp\/v2\/media?parent=186420"}],"wp:term":[{"taxonomy":"category","embeddable":true,"href":"https:\/\/plazajuarez.mx\/historico\/wp-json\/wp\/v2\/categories?post=186420"},{"taxonomy":"post_tag","embeddable":true,"href":"https:\/\/plazajuarez.mx\/historico\/wp-json\/wp\/v2\/tags?post=186420"}],"curies":[{"name":"wp","href":"https:\/\/api.w.org\/{rel}","templated":true}]}}