{"id":186406,"date":"2021-10-13T17:34:24","date_gmt":"2021-10-13T22:34:24","guid":{"rendered":"https:\/\/plazajuarez.mx\/?p=186406"},"modified":"2021-10-13T17:34:38","modified_gmt":"2021-10-13T22:34:38","slug":"choca-colectiva-contra-camion-estacionado","status":"publish","type":"post","link":"https:\/\/plazajuarez.mx\/historico\/choca-colectiva-contra-camion-estacionado\/","title":{"rendered":"Choca colectiva contra cami\u00f3n estacionado"},"content":{"rendered":"\n<p class=\"wp-block-paragraph\"><strong>Tulancingo.-<\/strong>  La ma\u00f1ana de este mi\u00e9rcoles 13 de octubre se suscit\u00f3 un aparatoso accidente sobre la calzada Hidalgo de Tulancingo, donde una colectiva de la ruta Tulancingo \u2013 Cuautepec \u2013 Tezoncualpan impact\u00f3 por alcance y de lleno a un cami\u00f3n que se encontraba estacionado sobre la vialidad, dejando con severa lesi\u00f3n a quien viajaba como copiloto.<\/p>\n\n\n\n<p class=\"wp-block-paragraph\">El accidente se dio minutos antes de las 8:00 horas, cuando la unidad de transporte p\u00fablico de la l\u00ednea LAC, de la ruta referida, con placas A-44754-K, impact\u00f3 la parte trasera de un cami\u00f3n tipo rab\u00f3n con caja seca, con placas 67-AF-2P, el cual se encontraba estacionado sobre la vialidad que tambi\u00e9n conduce al municipio de Cuautepec.<\/p>\n\n\n\n<p class=\"wp-block-paragraph\">De acuerdo con el conductor, debido a la hora y posici\u00f3n del sol, fue imposible observar que se encontraba estacionada una unidad pesada, por lo que no pudo evitar el golpe que caus\u00f3 severos da\u00f1os en la parte delantera de la colectiva, dejando parcialmente prensado al pasajero que viajaba como copiloto.<\/p>\n\n\n\n<p class=\"wp-block-paragraph\">El pasajero, identificado como M. M. H., de 20 a\u00f1os de edad, presentaba una lesi\u00f3n y probable fractura en una rodilla, por lo que fue auxiliado por personal de Bomberos y Protecci\u00f3n Civil, y llevado a un nosocomio de este municipio para su revisi\u00f3n m\u00e9dica.<\/p>\n\n\n\n<p class=\"wp-block-paragraph\">Elementos de la Polic\u00eda Estatal se hicieron cargo del incidente y procedieron con el retiro de la unidad; mientras que la direcci\u00f3n de Movilidad y Transporte Municipal trabajaron en agilizar la vialidad.<\/p>\n","protected":false},"excerpt":{"rendered":"<p>Tulancingo.- La ma\u00f1ana de este mi\u00e9rcoles 13 de octubre se suscit\u00f3 un aparatoso accidente sobre la calzada Hidalgo de Tulancingo, donde una colectiva de la ruta Tulancingo \u2013 Cuautepec \u2013 Tezoncualpan impact\u00f3 por alcance y de lleno a un cami\u00f3n que se encontraba estacionado sobre la vialidad, dejando con severa lesi\u00f3n a quien viajaba como [&hellip;]<\/p>\n","protected":false},"author":70,"featured_media":186407,"comment_status":"closed","ping_status":"closed","sticky":false,"template":"","format":"standard","meta":{"footnotes":""},"categories":[15,40],"tags":[],"class_list":["post-186406","post","type-post","status-publish","format-standard","has-post-thumbnail","hentry","category-destacadas","category-region"],"_links":{"self":[{"href":"https:\/\/plazajuarez.mx\/historico\/wp-json\/wp\/v2\/posts\/186406","targetHints":{"allow":["GET"]}}],"collection":[{"href":"https:\/\/plazajuarez.mx\/historico\/wp-json\/wp\/v2\/posts"}],"about":[{"href":"https:\/\/plazajuarez.mx\/historico\/wp-json\/wp\/v2\/types\/post"}],"author":[{"embeddable":true,"href":"https:\/\/plazajuarez.mx\/historico\/wp-json\/wp\/v2\/users\/70"}],"replies":[{"embeddable":true,"href":"https:\/\/plazajuarez.mx\/historico\/wp-json\/wp\/v2\/comments?post=186406"}],"version-history":[{"count":0,"href":"https:\/\/plazajuarez.mx\/historico\/wp-json\/wp\/v2\/posts\/186406\/revisions"}],"wp:featuredmedia":[{"embeddable":true,"href":"https:\/\/plazajuarez.mx\/historico\/wp-json\/wp\/v2\/media\/186407"}],"wp:attachment":[{"href":"https:\/\/plazajuarez.mx\/historico\/wp-json\/wp\/v2\/media?parent=186406"}],"wp:term":[{"taxonomy":"category","embeddable":true,"href":"https:\/\/plazajuarez.mx\/historico\/wp-json\/wp\/v2\/categories?post=186406"},{"taxonomy":"post_tag","embeddable":true,"href":"https:\/\/plazajuarez.mx\/historico\/wp-json\/wp\/v2\/tags?post=186406"}],"curies":[{"name":"wp","href":"https:\/\/api.w.org\/{rel}","templated":true}]}}