{"id":186391,"date":"2021-10-13T15:13:39","date_gmt":"2021-10-13T20:13:39","guid":{"rendered":"https:\/\/plazajuarez.mx\/?p=186391"},"modified":"2021-10-13T15:13:48","modified_gmt":"2021-10-13T20:13:48","slug":"misfit-humor-irreverente-y-reflexion-de-la-realidad-latinoamericana","status":"publish","type":"post","link":"https:\/\/plazajuarez.mx\/historico\/misfit-humor-irreverente-y-reflexion-de-la-realidad-latinoamericana\/","title":{"rendered":"&#8220;Misfit&#8221;, humor irreverente y reflexi\u00f3n de la realidad latinoamericana"},"content":{"rendered":"\n<p class=\"wp-block-paragraph\">(EFE) &#8220;Misfit&#8221;, la pel\u00edcula de un humor irreverente que promete duras reflexiones sobre la compleja realidad latinoamericana, llega este jueves a las pantallas de Ecuador, Per\u00fa, Bolivia y M\u00e9xico, para hablar sobre el acoso escolar, la migraci\u00f3n, la identidad y la doble cara de las redes sociales, con el ligero, y a la vez profundo, lenguaje de la risa.<\/p>\n\n\n\n<p class=\"wp-block-paragraph\">De la mano del canal de comedia Enchufe.tv, el largometraje coproducido por Touch\u00e9 Films y 2b Originals es una adaptaci\u00f3n latinoamericana de la pel\u00edcula holandesa Misfit, readaptada antes en Alemania y Polonia.<\/p>\n\n\n\n<p class=\"wp-block-paragraph\">Pero &#8220;latinoamericanizar&#8221; la pel\u00edcula no fue nada f\u00e1cil.<\/p>\n\n\n\n<p class=\"wp-block-paragraph\">&#8220;En el primer borrador salieron como 180 p\u00e1ginas. Infilmable&#8221;, cuenta a Efe Orlando Herrera, director de la versi\u00f3n ecuatoriana y quien siete borradores m\u00e1s tarde logr\u00f3 intercalar, con pinzas, el humor \u00e1cido que caracteriza a Enchufe.tv.<\/p>\n\n\n\n<p class=\"wp-block-paragraph\">La labor fue m\u00e1s compleja pues deb\u00eda hacer que ese humor fuera &#8220;potable&#8221;, ya que es una comedia familiar con la que buscan que &#8220;la gente se r\u00eda de sus malas experiencias, una manera de exorcizar nuestros propios males a trav\u00e9s de la risa&#8221;.<\/p>\n\n\n\n<p class=\"wp-block-paragraph\">&#8220;Esperamos cambiar un poco a la gente y, si no, nos la pasamos bien. Es una manera interesante de que la gente pueda ver sus propios errores y a trav\u00e9s de reconocerlos decir: &#8216;Ok, creo que puedo mejorar'&#8221;, explica el director de una pel\u00edcula que debe su t\u00edtulo a un t\u00e9rmino anglosaj\u00f3n que significa &#8220;rechazo&#8221;, &#8220;inadaptado&#8221;.<\/p>\n\n\n\n<p class=\"wp-block-paragraph\"><strong>M\u00c1S ALL\u00c1 DE LAS PLATAFORMAS DIGITALES<\/strong><\/p>\n\n\n\n<p class=\"wp-block-paragraph\">&#8220;Misfit&#8221; es una comedia adolescente en la que la mexicana Alicia Jaziz (actriz desde los 10 a\u00f1os), interpreta a Julia, quien al regresar a Ecuador se enfrenta al acoso escolar y a las diferencias culturales y sociales, a las que se va adaptando mientras intenta ganar un concurso para regresar a Estados Unidos.<\/p>\n\n\n\n<p class=\"wp-block-paragraph\">En el colegio la llaman &#8220;la gringa&#8221; y la encasillan entre los rechazados, relata a Efe la actriz, quien espera una reflexi\u00f3n de los espectadores sobre lo negativo de etiquetar a los dem\u00e1s pero, tambi\u00e9n, sobre la necesidad de aceptar realidades: &#8220;No est\u00e1 mal ser parte de algo&#8221;.<\/p>\n\n\n\n<p class=\"wp-block-paragraph\">Es necesario &#8220;aceptarse, no renegar de las ra\u00edces. Hay que sentirse orgulloso&#8221;, coincide el director de la obra, en la que tambi\u00e9n se aborda la masiva expansi\u00f3n de las redes sociales.<\/p>\n\n\n\n<p class=\"wp-block-paragraph\">&#8220;Son un arma de doble filo: tienen cosas incre\u00edbles: acercar a familias (que viven lejos) y el poder de comunicar; es una oportunidad de trabajo y creatividad, pero hay que tener mucho cuidado&#8221; para evitar ser avasallados y dejarse influir por los mensajes, advirti\u00f3 Jaziz.<\/p>\n\n\n\n<p class=\"wp-block-paragraph\">Porque en su nueva realidad, Julia comprueba que, aunque es la alumna con m\u00e1s seguidores en Youtube, &#8220;en el cole eso no es nada&#8221; y aprende a vivir m\u00e1s all\u00e1 de las plataformas digitales.<\/p>\n\n\n\n<p class=\"wp-block-paragraph\">Reconociendo la importancia de los seguidores, Herrera subraya que &#8220;podemos tener 10.000 &#8216;likes&#8217; o mil amigos en Facebook pero no podemos descuidar la realidad&#8221;, por lo que subraya que \u00e9l &#8220;no cambiar\u00eda un abrazo f\u00edsico ni por &#8220;un mill\u00f3n de &#8216;likes'&#8221;.<\/p>\n\n\n\n<p class=\"wp-block-paragraph\"><strong>&#8220;IGUALITOS&#8221; EN LATINOAM\u00c9RICA<\/strong><\/p>\n\n\n\n<p class=\"wp-block-paragraph\">Tras un castin de seis meses en diferentes pa\u00edses y con una modesta inversi\u00f3n de menos de medio mill\u00f3n de d\u00f3lares, la pel\u00edcula se rod\u00f3 en 2020 en plena pandemia, con actores de Ecuador, Argentina, M\u00e9xico, Colombia, Per\u00fa y Espa\u00f1a.<\/p>\n\n\n\n<p class=\"wp-block-paragraph\">Fueron veinte d\u00edas de rodaje, mayormente en un colegio de Quito, para llegar a una cinta de 91 minutos en la que, se\u00f1ala su productor ejecutivo, Jorge Ulloa, un humor &#8220;crudo&#8221; cruza toda la pel\u00edcula: &#8220;No nos burlamos de alguien para hacer humor, nos burlamos de nosotros mismos&#8221;.<\/p>\n\n\n\n<p class=\"wp-block-paragraph\">&#8220;Pr\u00e1cticamente toda nuestra comedia se basa en nuestras peores experiencias&#8221;, indica sobre un proceso de autorretrato que refleja a &#8220;un mont\u00f3n de personas&#8221; que viven la misma realidad en toda Am\u00e9rica Latina.<\/p>\n\n\n\n<p class=\"wp-block-paragraph\">&#8220;La misma vecina que retratamos, la tiene el mexicano; el mismo tendero, lo tiene un peruano; el mismo mejor amigo, lo tiene un colombiano; y la mam\u00e1 latinoamericana es igualita&#8221; en toda la regi\u00f3n.<\/p>\n\n\n\n<p class=\"wp-block-paragraph\">Y en la regi\u00f3n tambi\u00e9n se repiten problemas como la corrupci\u00f3n, que Enchufe.tv trata con un humor reflexivo para decir cosas que, seg\u00fan Ulloa, no nos gusta escuchar: un &#8220;filtro&#8221; de &#8220;verdad y dolor&#8221;, acompa\u00f1ado de una banda sonora exclusiva a ritmo de reguet\u00f3n, pop actual, balada y pop rock.<\/p>\n\n\n\n<p class=\"wp-block-paragraph\"><strong>EL ESPALDARAZO DE EUGENIO DERBEZ<\/strong><\/p>\n\n\n\n<p class=\"wp-block-paragraph\">El filme, &#8220;Misfit&#8221; que el pr\u00f3ximo 28 de octubre llegar\u00e1 tambi\u00e9n a cines de Centroam\u00e9rica, ha provocado la &#8220;furia&#8221; del reconocido actor mexicano Eugenio Derbez, quien en una parodia por su cuenta de Instagram amenaza con demandar a Enchufe.tv. por uso indebido de su imagen.<\/p>\n\n\n\n<p class=\"wp-block-paragraph\">En ella, el actor adelanta que analiza medidas con su equipo legal, antes de soltar una carcajada e invitar al p\u00fablico a ver una &#8220;gran producci\u00f3n&#8221; con &#8220;grandes actores&#8221; y &#8220;muy buen humor&#8221;.<\/p>\n\n\n\n<p class=\"wp-block-paragraph\">Susana Madera<\/p>\n","protected":false},"excerpt":{"rendered":"<p>(EFE) &#8220;Misfit&#8221;, la pel\u00edcula de un humor irreverente que promete duras reflexiones sobre la compleja realidad latinoamericana, llega este jueves a las pantallas de Ecuador, Per\u00fa, Bolivia y M\u00e9xico, para hablar sobre el acoso escolar, la migraci\u00f3n, la identidad y la doble cara de las redes sociales, con el ligero, y a la vez profundo, [&hellip;]<\/p>\n","protected":false},"author":80,"featured_media":186394,"comment_status":"closed","ping_status":"closed","sticky":false,"template":"","format":"standard","meta":{"footnotes":""},"categories":[38],"tags":[],"class_list":["post-186391","post","type-post","status-publish","format-standard","has-post-thumbnail","hentry","category-show"],"_links":{"self":[{"href":"https:\/\/plazajuarez.mx\/historico\/wp-json\/wp\/v2\/posts\/186391","targetHints":{"allow":["GET"]}}],"collection":[{"href":"https:\/\/plazajuarez.mx\/historico\/wp-json\/wp\/v2\/posts"}],"about":[{"href":"https:\/\/plazajuarez.mx\/historico\/wp-json\/wp\/v2\/types\/post"}],"author":[{"embeddable":true,"href":"https:\/\/plazajuarez.mx\/historico\/wp-json\/wp\/v2\/users\/80"}],"replies":[{"embeddable":true,"href":"https:\/\/plazajuarez.mx\/historico\/wp-json\/wp\/v2\/comments?post=186391"}],"version-history":[{"count":0,"href":"https:\/\/plazajuarez.mx\/historico\/wp-json\/wp\/v2\/posts\/186391\/revisions"}],"wp:featuredmedia":[{"embeddable":true,"href":"https:\/\/plazajuarez.mx\/historico\/wp-json\/wp\/v2\/media\/186394"}],"wp:attachment":[{"href":"https:\/\/plazajuarez.mx\/historico\/wp-json\/wp\/v2\/media?parent=186391"}],"wp:term":[{"taxonomy":"category","embeddable":true,"href":"https:\/\/plazajuarez.mx\/historico\/wp-json\/wp\/v2\/categories?post=186391"},{"taxonomy":"post_tag","embeddable":true,"href":"https:\/\/plazajuarez.mx\/historico\/wp-json\/wp\/v2\/tags?post=186391"}],"curies":[{"name":"wp","href":"https:\/\/api.w.org\/{rel}","templated":true}]}}