{"id":186198,"date":"2021-10-12T19:15:51","date_gmt":"2021-10-13T00:15:51","guid":{"rendered":"https:\/\/plazajuarez.mx\/?p=186198"},"modified":"2021-10-12T19:16:05","modified_gmt":"2021-10-13T00:16:05","slug":"america-arremete-contra-colon-para-reivindicar-los-derechos-de-los-indigenas","status":"publish","type":"post","link":"https:\/\/plazajuarez.mx\/historico\/america-arremete-contra-colon-para-reivindicar-los-derechos-de-los-indigenas\/","title":{"rendered":"Am\u00e9rica arremete contra Col\u00f3n para reivindicar los derechos de los ind\u00edgenas"},"content":{"rendered":"\n<p>(EFE) Muchos americanos, especialmente en Am\u00e9rica Latina, salieron a las calles este martes, en el D\u00eda de la Hispanidad, para exigir la reivindicaci\u00f3n de los derechos de los ind\u00edgenas y mostrar su descontento con la &#8220;vulneraci\u00f3n&#8221; que sufrieron durante el descubrimiento en 1492, por lo que se fueron lanza en ristre contra las estatuas de Crist\u00f3bal Col\u00f3n.<\/p>\n\n\n\n<p>M\u00e1s de 70 organizaciones del continente hicieron en Quito una declaraci\u00f3n &#8220;de resistencia contra el racismo, la discriminaci\u00f3n y el colonialismo&#8221;, en la que pidieron medidas de compensaci\u00f3n y reparaci\u00f3n &#8220;para resarcir las injusticias de las que han sido v\u00edctimas&#8221; estos pueblos.<\/p>\n\n\n\n<p>Al respecto, Gema Tabares, representante del colectivo Afro Caracolas Saberes Itinerantes, de M\u00e9xico, exigi\u00f3 que &#8220;reconozcan los da\u00f1os causados a nuestros territorios&#8221; e hizo un llamado &#8220;a superar las relaciones de pensamiento colonial y discriminaci\u00f3n que no nos permiten avanzar hacia una sociedad m\u00e1s justa e igualitaria&#8221;.<\/p>\n\n\n\n<p>Ese reclamo fue secundado por las organizaciones que componen el Movimiento de la Liberaci\u00f3n Negra e Ind\u00edgena (BILM), con protestas pac\u00edficas en EE.UU., M\u00e9xico, Honduras, Nicaragua, Colombia, Ecuador, Per\u00fa, Bolivia, Uruguay, Brasil, Rep\u00fablica Dominicana, Surinam y Espa\u00f1a.<\/p>\n\n\n\n<p>Con estas actividades, seg\u00fan Leonardo Cerda, ind\u00edgena kichwa de Ecuador y fundador del BILM, se dej\u00f3 de manifiesto que el actual &#8220;es un momento de la humanidad en el que debemos estar unidos para enfrentar grandes retos como el cambio clim\u00e1tico o la devastaci\u00f3n de la naturaleza, pero esto no puede darse si antes no enfrentamos problemas como el racismo o la discriminaci\u00f3n&#8221;.<\/p>\n\n\n\n<p>NO AL COLONIALISMO, NO AL RACISMO<\/p>\n\n\n\n<p>Uno de los l\u00edderes m\u00e1s pol\u00e9micos de Am\u00e9rica, el presidente mexicano, Andr\u00e9s Manuel L\u00f3pez Obrador, quien con anterioridad requiri\u00f3 al rey de Espa\u00f1a y al papa Francisco que pidieran perd\u00f3n por la conquista, aprovech\u00f3 hoy la ocasi\u00f3n para cuestionar el tambi\u00e9n conocido como D\u00eda de la Raza, al decir que &#8220;las razas no existen&#8221; porque el racismo es &#8220;inconcebible&#8221;.<\/p>\n\n\n\n<p>Su hom\u00f3logo peruano, Pedro Castillo, hizo lo propio al rebautizar la fecha como el &#8220;D\u00eda de los Pueblos Originarios y del Di\u00e1logo Intercultural&#8221; con el objetivo de &#8220;reconocer y valorar&#8221; a dicha comunidad para asegurar &#8220;el respeto de sus derechos&#8221;.<\/p>\n\n\n\n<p>En Venezuela, su presidente Nicol\u00e1s Maduro insisti\u00f3 este martes, d\u00eda en que el pa\u00eds caribe\u00f1o conmemora la resistencia ind\u00edgena, que Espa\u00f1a debe pedir perd\u00f3n a Am\u00e9rica por el &#8220;genocidio de 300 a\u00f1os&#8221; contra los pueblos originarios.<\/p>\n\n\n\n<p>&#8220;Nos sumamos a las voces en Am\u00e9rica que se han levantado para exigir al rey de Espa\u00f1a que rectifique su posici\u00f3n, que reflexione y le pida perd\u00f3n a Am\u00e9rica por el genocidio de 300 a\u00f1os contra los pueblos originarios&#8221;, expres\u00f3 desde Miraflores en un acto transmitido por el canal estatal Venezolana de Televisi\u00f3n (VTV).<\/p>\n\n\n\n<p>Tambi\u00e9n en Guatemala, en donde el 59 % de los m\u00e1s de 16,3 millones de habitantes viven bajo el umbral de la pobreza, la mayor\u00eda de ellos ind\u00edgenas, renombraron la conmemoraci\u00f3n como &#8220;D\u00eda de la Resistencia Ind\u00edgena, Negra y Popular&#8221;, para alzar la voz contra &#8220;la invasi\u00f3n europea&#8221;.<\/p>\n\n\n\n<p>Al respecto, la vocera maya k&#8217;iche Andrea Ixch\u00edu indic\u00f3 que la sola existencia de los pueblos ind\u00edgenas &#8220;es resistencia&#8221;, pues llevan &#8220;529 a\u00f1os sembrando futuros a pesar de la violencia colonial, genocida y ecocida&#8221;.<\/p>\n\n\n\n<p>A este clamor se unieron igualmente cientos de ind\u00edgenas llegados de varios departamentos de Paraguay, que marcharon por el centro de Asunci\u00f3n en demanda de sus derechos y de la restituci\u00f3n de sus tierras, dentro de una problem\u00e1tica que exigen se aborde en un mesa de trabajo conformada por los tres poderes del Estado.<\/p>\n\n\n\n<p>En el pa\u00eds suramericano viven unos 122.000 ind\u00edgenas, pertenecientes a 19 pueblos. De estos, el 66,2 % est\u00e1 en la pobreza y el 34,4 % en la extrema pobreza.<\/p>\n\n\n\n<p>En contraste, el gobernador de Florida, Ron DeSantis, defendi\u00f3 la conmemoraci\u00f3n del viaje de Crist\u00f3bal Col\u00f3n que llev\u00f3 al descubrimiento de Am\u00e9rica como una celebraci\u00f3n de una &#8220;pieza fundamental de la creaci\u00f3n del mundo occidental&#8221;.<\/p>\n\n\n\n<p>En su mensaje, DeSantis critic\u00f3 la decisi\u00f3n del presidente Joe Biden de declararlo el D\u00eda de los Pueblos Ind\u00edgenas tras reconocer el sufrimiento de los nativos americanos a manos de los exploradores europeos.<\/p>\n\n\n\n<p>MENOS CRIST\u00d3BAL COL\u00d3N, M\u00c1S L\u00cdDERES IND\u00cdGENAS<\/p>\n\n\n\n<p>En Am\u00e9rica, el 529 aniversario del arribo de Crist\u00f3bal Col\u00f3n estuvo marcado por el anuncio de la sustituci\u00f3n de su estatua en el Paseo de la Reforma, de Ciudad de M\u00e9xico, por la de &#8220;La joven de Amajac&#8221;, en honor a las mujeres ind\u00edgenas.<\/p>\n\n\n\n<p>Las autoridades capitalinas retiraron el a\u00f1o pasado la imagen de Col\u00f3n, d\u00edas antes de una manifestaci\u00f3n que pretend\u00eda derribarla, y hoy explicaron que la nueva pieza tendr\u00e1 unos 6 metros de altura y &#8220;mucho significado hist\u00f3rico, cultural y pol\u00edtico&#8221;, de acuerdo con la alcaldesa, Claudia Sheinbaum.<\/p>\n\n\n\n<p>Desde 2020, los homenajes en plazas y parques al explorador Crist\u00f3bal Col\u00f3n y a otros s\u00edmbolos de la conquista espa\u00f1ola han sido vandalizados en distintas ciudades americanas como muestra de descontento.<\/p>\n\n\n\n<p>Tal es el caso de Ciudad de Guatemala, en donde este martes una turba pint\u00f3 y da\u00f1\u00f3 algunos monumentos, entre ellos el del propio Col\u00f3n, al que ataron una cuerda pero no consiguieron derribar.<\/p>\n\n\n\n<p>Sin embargo, los manifestantes s\u00ed le quitaron la cabeza a la escultura del general Jos\u00e9 Mar\u00eda Reina Barrios, quien presidi\u00f3 Guatemala de 1892 a 1898, y a quien se le atribuye una desigualdad acelerada y tintes dictatoriales en la naci\u00f3n centroamericana.<\/p>\n\n\n\n<p>Asimismo, miembros de la Polic\u00eda ecuatoriana debieron desplegarse en torno al monumento de Isabel la Cat\u00f3lica en Quito, que se encontraba rodeado de vallas met\u00e1licas para impedir un asalto como el ocurrido en 2020, cuando le lanzaron huevos y pintura, y trataron de echarlo al piso con una soga.<\/p>\n\n\n\n<p>El ataque a las esculturas alusivas a esta fecha empez\u00f3 el lunes en Bahamas, en donde las autoridades presentaron cargos contra un hombre que da\u00f1\u00f3 la de Col\u00f3n, situada delante de la residencia oficial del gobernador en Nassau.<\/p>\n\n\n\n<p>La Polic\u00eda detall\u00f3 que el detenido, que estaba en posesi\u00f3n de un chaleco antibalas, us\u00f3 un mazo para quitarle el brazo derecho a la estatua del navegante, adem\u00e1s de golpearle las piernas y la zona de la base.<\/p>\n\n\n\n<p>El suceso revivi\u00f3 el debate sobre el papel de Col\u00f3n en el descubrimiento del Caribe.<\/p>\n\n\n\n<p>De hecho, el embajador del territorio caribe\u00f1o de Antigua y Barbuda ante la Organizaci\u00f3n de Estados Americanos (OEA), Ronald Sanders, pidi\u00f3 la pasada semana que se ponga fin a la celebraci\u00f3n del encuentro de los dos mundos que representa el D\u00eda de la Hispanidad.<\/p>\n\n\n\n<p>A su juicio, &#8220;los pueblos originarios de estas tierras no necesitaban ser descubiertos porque ya ten\u00edan una civilizaci\u00f3n, una cultura rica y un conocimiento que se adaptaba a la sostenibilidad&#8221;, un discurso con el que coincide la gestora cultural maya Andrea Ixch\u00edu, para quien, pese a todo lo vivido, los sue\u00f1os de los ind\u00edgenas de Am\u00e9rica &#8220;no los han podido colonizar&#8221;.<\/p>\n","protected":false},"excerpt":{"rendered":"<p>(EFE) Muchos americanos, especialmente en Am\u00e9rica Latina, salieron a las calles este martes, en el D\u00eda de la Hispanidad, para exigir la reivindicaci\u00f3n de los derechos de los ind\u00edgenas y mostrar su descontento con la &#8220;vulneraci\u00f3n&#8221; que sufrieron durante el descubrimiento en 1492, por lo que se fueron lanza en ristre contra las estatuas de [&hellip;]<\/p>\n","protected":false},"author":80,"featured_media":186199,"comment_status":"closed","ping_status":"closed","sticky":false,"template":"","format":"standard","meta":{"footnotes":""},"categories":[15,31],"tags":[],"class_list":["post-186198","post","type-post","status-publish","format-standard","has-post-thumbnail","hentry","category-destacadas","category-orbe"],"_links":{"self":[{"href":"https:\/\/plazajuarez.mx\/historico\/wp-json\/wp\/v2\/posts\/186198","targetHints":{"allow":["GET"]}}],"collection":[{"href":"https:\/\/plazajuarez.mx\/historico\/wp-json\/wp\/v2\/posts"}],"about":[{"href":"https:\/\/plazajuarez.mx\/historico\/wp-json\/wp\/v2\/types\/post"}],"author":[{"embeddable":true,"href":"https:\/\/plazajuarez.mx\/historico\/wp-json\/wp\/v2\/users\/80"}],"replies":[{"embeddable":true,"href":"https:\/\/plazajuarez.mx\/historico\/wp-json\/wp\/v2\/comments?post=186198"}],"version-history":[{"count":0,"href":"https:\/\/plazajuarez.mx\/historico\/wp-json\/wp\/v2\/posts\/186198\/revisions"}],"wp:featuredmedia":[{"embeddable":true,"href":"https:\/\/plazajuarez.mx\/historico\/wp-json\/wp\/v2\/media\/186199"}],"wp:attachment":[{"href":"https:\/\/plazajuarez.mx\/historico\/wp-json\/wp\/v2\/media?parent=186198"}],"wp:term":[{"taxonomy":"category","embeddable":true,"href":"https:\/\/plazajuarez.mx\/historico\/wp-json\/wp\/v2\/categories?post=186198"},{"taxonomy":"post_tag","embeddable":true,"href":"https:\/\/plazajuarez.mx\/historico\/wp-json\/wp\/v2\/tags?post=186198"}],"curies":[{"name":"wp","href":"https:\/\/api.w.org\/{rel}","templated":true}]}}