{"id":186192,"date":"2021-10-12T18:46:40","date_gmt":"2021-10-12T23:46:40","guid":{"rendered":"https:\/\/plazajuarez.mx\/?p=186192"},"modified":"2021-10-12T18:46:53","modified_gmt":"2021-10-12T23:46:53","slug":"valua-susana-angeles-capacitacion-de-personal-adscrito-a-seguridad-publica-municipal","status":"publish","type":"post","link":"https:\/\/plazajuarez.mx\/historico\/valua-susana-angeles-capacitacion-de-personal-adscrito-a-seguridad-publica-municipal\/","title":{"rendered":"VAL\u00daA SUSANA \u00c1NGELES CAPACITACI\u00d3N DE PERSONAL ADSCRITO A SEGURIDAD P\u00daBLICA MUNICIPAL"},"content":{"rendered":"\n<p>El fortalecimiento de las instituciones de seguridad p\u00fablica es un tema fundamental dentro de la agenda del Tizayuca, proyectado en el Plan Municipal de Desarrollo y compromiso con la ciudadan\u00eda, asegur\u00f3 la Presidenta Municipal, Susana \u00c1ngeles Quezada durante una mesa de trabajo con representantes de la Secretar\u00eda de Seguridad y Protecci\u00f3n Ciudadana (SSPC) del gobierno federal.<\/p>\n\n\n\n<p>Al encabezar, junto al director de la Coordinaci\u00f3n e Intercambio de Informaci\u00f3n de los 3 Niveles de Gobierno de la Unidad de An\u00e1lisis Estrat\u00e9gicos y Vinculaci\u00f3n Interinstitucional (UAEVI) de la SSPC, Jorge Enrique Segura Peregrino, la reuni\u00f3n de evaluaci\u00f3n en materia de fortalecimiento de las instituciones de seguridad p\u00fablica, Susana \u00c1ngeles ratific\u00f3 su disposici\u00f3n a colaborar con el Gobierno de M\u00e9xico al respecto de este tema.<\/p>\n\n\n\n<p>La reuni\u00f3n sirvi\u00f3 para dar seguimiento a los diversos acuerdos tomados durante las sesiones pasadas, as\u00ed como hacer una revisi\u00f3n pormenorizada de la capacitaci\u00f3n de la que fueron objeto 92 elementos de la Secretar\u00eda de Seguridad P\u00fablica Municipal.<\/p>\n\n\n\n<p>En d\u00edas pasados los elementos de la corporaci\u00f3n policiaca recibieron, de parte del personal de la dependencia federal que encabeza Rosa Icela Rodr\u00edguez Vel\u00e1zquez, capacitaci\u00f3n en materia de ciberseguridad en la que aprendieron a desarrollar capacidades para establecer estrategias de prevenci\u00f3n de delitos cometidos a trav\u00e9s de las llamadas nuevas tecnolog\u00edas.<\/p>\n\n\n\n<p>En el acto estuvo presente el Secretario de Seguridad P\u00fablica Municipal, Basilio Antonio Florido Segoviano y su Secretario T\u00e9cnico Rodrigo S\u00e1nchez, quienes informaron sobre el proceso de dictamen de la infraestructura t\u00e9cnica y tecnol\u00f3gica del C2 del municipio realizado por la SSPC.<\/p>\n\n\n\n<p>En su oportunidad el funcionario de la dependencia federal, a nombre de su titular, la Secretaria Rosa Icela Rodr\u00edguez, ratific\u00f3 el respaldo del Gobierno de M\u00e9xico para avanzar junto con la administraci\u00f3n de Susana \u00c1ngeles en mejorar la seguridad p\u00fablica y con ello responder a las demandas ciudadanas y continuar con los diversos proyectos que mejoren el bienestar de las y los tizayuquenses.<\/p>\n\n\n\n<p>Durante la reuni\u00f3n Jorge Enrique Segura Peregrino, a nombre de la SSPC y de la Secretar\u00eda de Gobernaci\u00f3n, hizo entrega a la Presidenta Municipal, Susana \u00c1ngeles Quezada, de una bandera M\u00e9xico -elaborada por personal de la Secretar\u00eda de la Defensa Nacional- que ser\u00e1 ahora patrimonio del municipio.<\/p>\n","protected":false},"excerpt":{"rendered":"<p>El fortalecimiento de las instituciones de seguridad p\u00fablica es un tema fundamental dentro de la agenda del Tizayuca, proyectado en el Plan Municipal de Desarrollo y compromiso con la ciudadan\u00eda, asegur\u00f3 la Presidenta Municipal, Susana \u00c1ngeles Quezada durante una mesa de trabajo con representantes de la Secretar\u00eda de Seguridad y Protecci\u00f3n Ciudadana (SSPC) del gobierno [&hellip;]<\/p>\n","protected":false},"author":93,"featured_media":186193,"comment_status":"closed","ping_status":"closed","sticky":false,"template":"","format":"standard","meta":{"footnotes":""},"categories":[15,59],"tags":[],"class_list":["post-186192","post","type-post","status-publish","format-standard","has-post-thumbnail","hentry","category-destacadas","category-general"],"_links":{"self":[{"href":"https:\/\/plazajuarez.mx\/historico\/wp-json\/wp\/v2\/posts\/186192","targetHints":{"allow":["GET"]}}],"collection":[{"href":"https:\/\/plazajuarez.mx\/historico\/wp-json\/wp\/v2\/posts"}],"about":[{"href":"https:\/\/plazajuarez.mx\/historico\/wp-json\/wp\/v2\/types\/post"}],"author":[{"embeddable":true,"href":"https:\/\/plazajuarez.mx\/historico\/wp-json\/wp\/v2\/users\/93"}],"replies":[{"embeddable":true,"href":"https:\/\/plazajuarez.mx\/historico\/wp-json\/wp\/v2\/comments?post=186192"}],"version-history":[{"count":0,"href":"https:\/\/plazajuarez.mx\/historico\/wp-json\/wp\/v2\/posts\/186192\/revisions"}],"wp:featuredmedia":[{"embeddable":true,"href":"https:\/\/plazajuarez.mx\/historico\/wp-json\/wp\/v2\/media\/186193"}],"wp:attachment":[{"href":"https:\/\/plazajuarez.mx\/historico\/wp-json\/wp\/v2\/media?parent=186192"}],"wp:term":[{"taxonomy":"category","embeddable":true,"href":"https:\/\/plazajuarez.mx\/historico\/wp-json\/wp\/v2\/categories?post=186192"},{"taxonomy":"post_tag","embeddable":true,"href":"https:\/\/plazajuarez.mx\/historico\/wp-json\/wp\/v2\/tags?post=186192"}],"curies":[{"name":"wp","href":"https:\/\/api.w.org\/{rel}","templated":true}]}}