{"id":186182,"date":"2021-10-12T16:45:20","date_gmt":"2021-10-12T21:45:20","guid":{"rendered":"https:\/\/plazajuarez.mx\/?p=186182"},"modified":"2021-10-12T16:45:35","modified_gmt":"2021-10-12T21:45:35","slug":"dias-de-invierno-desmitifica-vida-nortena-y-descentraliza-el-cine-mexicano","status":"publish","type":"post","link":"https:\/\/plazajuarez.mx\/historico\/dias-de-invierno-desmitifica-vida-nortena-y-descentraliza-el-cine-mexicano\/","title":{"rendered":"&#8220;D\u00edas de invierno&#8221; desmitifica vida norte\u00f1a y descentraliza el cine mexicano"},"content":{"rendered":"\n<p>(EFE) La \u00f3pera prima del director Jaiziel Hern\u00e1ndez, &#8220;D\u00edas de invierno&#8221;, se aleja del estereotipo de la vida en el norte de M\u00e9xico, siempre caracterizada por el narcotr\u00e1fico y la violencia, y con ello descentraliza el cine mexicano.<\/p>\n\n\n\n<p>&#8220;Me encanta que contemos historias que suceden fuera de la Ciudad de M\u00e9xico porque esa es la verdadera descentralizaci\u00f3n. Las cosas importantes suceden en todas partes y es importante quitar el estereotipo de que en el norte solamente viven narcos, tambi\u00e9n vive gente compleja y diversa&#8221;, mencion\u00f3 su protagonista Leticia Huijara en conferencia de prensa este martes.<\/p>\n\n\n\n<p>La historia se desarrolla en la ciudad de Saltillo, Coahuila y sigue la vida de N\u00e9stor, un joven que no encuentra su lugar en la vida y que fantasea con dejar todo en busca del progreso, y Lilia, una madre viuda que se cuestiona hasta cu\u00e1ndo es v\u00e1lido seguir teniendo sue\u00f1os.<\/p>\n\n\n\n<p>&#8220;\u00bfHay algo m\u00e1s?, \u00bfqu\u00e9 oportunidad tienes de reinventarte, de so\u00f1ar con un futuro que no ten\u00edas contemplado porque el planteamiento es, ya tuviste una familia, hijos y lo que sigue es esperar a que seas feliz con eso, lo interesante es que un d\u00eda amanece y Lilia dice que tendr\u00eda que haber algo m\u00e1s y s\u00ed lo hay&#8221;, reflexion\u00f3 Huijara.<\/p>\n\n\n\n<p>Esas mismas dudas se las plantea N\u00e9stor desde su juventud y sobre todo indaga en sus relaciones m\u00e1s cercanas para saber qu\u00e9 tan dif\u00edcil ser\u00eda dejar el nido y a las personas que lo acompa\u00f1an, siendo el \u00fanico de sus hermanos asentado en su ciudad natal.<\/p>\n\n\n\n<p>El filme personal es una reflexi\u00f3n por parte del director del paso de la adolescencia a la etapa adulta, algo que considera, muchos cineastas exploran en su primer filme.<\/p>\n\n\n\n<p>&#8220;Tiene tintes autobiogr\u00e1ficos de amigos y familiares, cuestiones de c\u00f3mo todos hemos tenido que dejar nuestra ciudad en busca de algo m\u00e1s. El personaje de Lilia proviene de experiencias que fui recopilando de familiares m\u00edos y de esa disyuntiva de pensar &#8216;\u00bfahora qu\u00e9 sigue?'&#8221;, expres\u00f3 el director.<\/p>\n\n\n\n<p>Adem\u00e1s de N\u00e9stor y Lilia, la pel\u00edcula, que llegar\u00e1 a salas nacionales el 15 de octubre, muestra la vida de los dem\u00e1s personajes como espejos que muestran los caminos que ambos podr\u00edan tomar si no avanzan.<\/p>\n\n\n\n<p>&#8220;Las subtramas son peque\u00f1as met\u00e1foras en las que se refleja la vida de ellos, un gringo que le dice al protagonista esto no es lo que quer\u00eda con mi vida, has algo con la tuya, y la se\u00f1ora, do\u00f1a Chelita, tiene un bloqueo que hace referencia a la importancia del desapego, el dejar ir&#8221;, dijo a Efe Hern\u00e1ndez.<\/p>\n\n\n\n<p>Darle vida a N\u00e9stor fue para el actor saltillense Miguel Narro un reto, adem\u00e1s de ser su primer papel como protagonista, tuvo que bajar m\u00e1s de 10 kilos para poder interpretarlo.<\/p>\n\n\n\n<p>Si algo celebra el actor del filme, es la capacidad que tuvo Hern\u00e1ndez para plasmar la verdadera cotidianeidad de la gente que habita su ciudad.<\/p>\n\n\n\n<p>&#8220;Vemos un &#8216;chavo&#8217; (joven) que es alguien promedio que vive en Saltillo, no estamos viendo al t\u00edpico norte\u00f1o, me da gusto que se haya dado voz a este tipo de personas&#8221;, asegura.<\/p>\n\n\n\n<p>Finalmente, Huijara, pr\u00f3xima presidenta de la Academia Mexicana de Artes y Ciencias Cinematogr\u00e1ficas (AMACC), describi\u00f3 la \u00f3pera prima de Hern\u00e1ndez como una pel\u00edcula con mucho amor al lugar en el que se nace.<\/p>\n\n\n\n<p>&#8220;Es el amor al terru\u00f1o, lo que significa el lugar en el que creciste donde se qued\u00f3 tu familia y al que siempre podr\u00e1s regresar&#8221;, se\u00f1al\u00f3.<\/p>\n","protected":false},"excerpt":{"rendered":"<p>(EFE) La \u00f3pera prima del director Jaiziel Hern\u00e1ndez, &#8220;D\u00edas de invierno&#8221;, se aleja del estereotipo de la vida en el norte de M\u00e9xico, siempre caracterizada por el narcotr\u00e1fico y la violencia, y con ello descentraliza el cine mexicano. &#8220;Me encanta que contemos historias que suceden fuera de la Ciudad de M\u00e9xico porque esa es la [&hellip;]<\/p>\n","protected":false},"author":80,"featured_media":186190,"comment_status":"closed","ping_status":"closed","sticky":false,"template":"","format":"standard","meta":{"footnotes":""},"categories":[36],"tags":[],"class_list":["post-186182","post","type-post","status-publish","format-standard","has-post-thumbnail","hentry","category-nacion"],"_links":{"self":[{"href":"https:\/\/plazajuarez.mx\/historico\/wp-json\/wp\/v2\/posts\/186182","targetHints":{"allow":["GET"]}}],"collection":[{"href":"https:\/\/plazajuarez.mx\/historico\/wp-json\/wp\/v2\/posts"}],"about":[{"href":"https:\/\/plazajuarez.mx\/historico\/wp-json\/wp\/v2\/types\/post"}],"author":[{"embeddable":true,"href":"https:\/\/plazajuarez.mx\/historico\/wp-json\/wp\/v2\/users\/80"}],"replies":[{"embeddable":true,"href":"https:\/\/plazajuarez.mx\/historico\/wp-json\/wp\/v2\/comments?post=186182"}],"version-history":[{"count":0,"href":"https:\/\/plazajuarez.mx\/historico\/wp-json\/wp\/v2\/posts\/186182\/revisions"}],"wp:featuredmedia":[{"embeddable":true,"href":"https:\/\/plazajuarez.mx\/historico\/wp-json\/wp\/v2\/media\/186190"}],"wp:attachment":[{"href":"https:\/\/plazajuarez.mx\/historico\/wp-json\/wp\/v2\/media?parent=186182"}],"wp:term":[{"taxonomy":"category","embeddable":true,"href":"https:\/\/plazajuarez.mx\/historico\/wp-json\/wp\/v2\/categories?post=186182"},{"taxonomy":"post_tag","embeddable":true,"href":"https:\/\/plazajuarez.mx\/historico\/wp-json\/wp\/v2\/tags?post=186182"}],"curies":[{"name":"wp","href":"https:\/\/api.w.org\/{rel}","templated":true}]}}