{"id":18600,"date":"2016-03-17T13:22:28","date_gmt":"2016-03-17T13:22:28","guid":{"rendered":"http:\/\/plazajuarez.mx\/index\/index.php\/2016\/03\/17\/la-comoda-indefinicion-de-accion-nacional\/"},"modified":"2016-03-17T13:22:28","modified_gmt":"2016-03-17T13:22:28","slug":"la-comoda-indefinicion-de-accion-nacional","status":"publish","type":"post","link":"https:\/\/plazajuarez.mx\/historico\/la-comoda-indefinicion-de-accion-nacional\/","title":{"rendered":"La c\u00f3moda indefinici\u00f3n de Acci\u00f3n Nacional"},"content":{"rendered":"<p>Para las nuevas generaciones resulta imposible imaginar un mundo dividido entre izquierda y derecha. Es an\u00e9cdota de libros de historia. Los partidos pol\u00edticos nacieron en ese contexto, creados para articular movimientos y visiones pol\u00edticas, econ\u00f3micas y culturales antag\u00f3nicas que defin\u00edan a las naciones.<\/p>\n<p>  <!--more-->  <\/p>\n<p>\u00a0<\/p>\n<p>El mundo se transform\u00f3 abruptamente. Los pa\u00edses comunistas, los pocos que sobrevivieron, se tuvieron que adaptar a la econom\u00eda de mercado, aunque conservando sistemas pol\u00edticos semi autoritarios. Los pa\u00edses capitalistas, por su parte, se vieron obligados a incorporar pol\u00edticas sociales. El discurso pol\u00edtico se movi\u00f3 al centro.<\/p>\n<p>En ese centro pol\u00edtico, el discurso, los consensos y las pol\u00edticas p\u00fablicas se volvieron m\u00e1s c\u00f3modas. Las posiciones comunes ocuparon el gran espacio en las campa\u00f1as pol\u00edticas; las sonrisas se volvieron m\u00e1s populares que las posiciones. El centro se volvi\u00f3 el lugar para escapar del compromiso, evitar el encandilamiento y la exhibici\u00f3n que provocan los grandes reflectores de la cr\u00edtica.<\/p>\n<p>El mundo continu\u00f3 cambiando. La tecnolog\u00eda permite tener acceso a ilimitada informaci\u00f3n, se produce m\u00e1s que en cualquier momento de la historia, la desigualdad crece, millones de personas migran. Pero mientras la pol\u00edtica no cambi\u00f3, los ciudadanos s\u00ed que lo hicieron.<\/p>\n<p>Los humores ciudadanos rebasaron a los partidos y llevaron a comediantes a la Presidencia de Guatemala, empresarios al gobierno italiano y argentino, extremistas de derecha al Parlamento alem\u00e1n y austriaco, y al cinismo depredador de Trump en EU. Los ciudadanos se cansaron de las c\u00f3modas, indefinidas e indefendibles posiciones comunes. Ya no bastan los buenos deseos porque ya no existe credibilidad en la clase pol\u00edtica. Aquellos que dicen jugar fuera del sistema (absurdo porque juegan dentro del mismo), los que alzan la voz estridente aunque carezca de veracidad, los nuevos actores de la pol\u00edtica mediatizada, est\u00e1n desplazando al pol\u00edtico tradicional.<\/p>\n<p>En M\u00e9xico, el \u201cPacto por M\u00e9xico\u201d fue el gran acento de las posiciones comunes. Los tres partidos mayoritarios decidieron una agenda de grandes reformas y pr\u00e1cticamente todas fueron votadas por esa gran mayor\u00eda. Los resultados del Pacto los evaluar\u00e1 el tiempo, pero los ciudadanos ya tomaron una decisi\u00f3n al respecto y el costo electoral ha sido principalmente para el PAN y PRD que, como oposici\u00f3n, ya no es f\u00e1cil identificarlos. Los dos partidos que deber\u00edan representar el equilibrio frente al gobierno parecen m\u00e1s cerca del mismo, alejados de una cr\u00edtica seria que exija cuentas y demande honestidad y eficiencia en el uso de los recursos p\u00fablicos.<\/p>\n<p>El PAN no ha entendido a los electores: el padr\u00f3n de unos pocos militantes genera dictaduras locales, el discurso moderado, la nula confrontaci\u00f3n, la carencia de nuevas propuestas (la narrativa de reformas fue la que domin\u00f3 la propuesta del partido durante d\u00e9cadas) y liderazgos\u2026 \u00bfQu\u00e9 defiende Acci\u00f3n Nacional? \u00bfQu\u00e9 causas motivan su campa\u00f1a? \u00bfEs acaso la reforma anticorrupci\u00f3n, que ning\u00fan ciudadano cree que realmente alivie ese c\u00e1ncer del pa\u00eds?<\/p>\n<p>Para volver a ganar la confianza ciudadana, el PAN tiene que cambiar, debe entrar a las inc\u00f3modas e impopulares definiciones, salirse de ese centro vac\u00edo, demostrar con claridad a la ciudadan\u00eda por qu\u00e9 causas luchar\u00e1. As\u00ed como a M\u00e9xico le falta una izquierda seria, tambi\u00e9n le urge una derecha definida, no conservadora, responsable, con una agenda econ\u00f3mica y de seguridad que puedan limitar impuestos y generar orden, una derecha que entienda que debe combatir la pobreza y la desigualdad. Una genuina oposici\u00f3n a la deficiente pol\u00edtica del gobierno actual.<\/p>\n<p>El mundo pertenece a quienes toman definiciones, y si el PAN no deja claro por y para qu\u00e9 existe, como le ha sucedido a otros partidos y a otras ideolog\u00edas, corre el riesgo de desdibujarse todav\u00eda m\u00e1s, hasta convertirse en una p\u00e1gina m\u00e1s de la historia en nuestro pa\u00eds. \u00a0\u00a0\u00a0\u00a0\u00a0\u00a0\u00a0\u00a0\u00a0\u00a0\u00a0\u00a0\u00a0\u00a0\u00a0\u00a0\u00a0\u00a0<\/p>\n<p>\u00a0<\/p>\n<p>\u00a0<\/p>\n","protected":false},"excerpt":{"rendered":"<p>Para las nuevas generaciones resulta imposible imaginar un mundo dividido entre izquierda y derecha. Es an\u00e9cdota de libros de historia. Los partidos pol\u00edticos nacieron en ese contexto, creados para articular movimientos y visiones pol\u00edticas, econ\u00f3micas y culturales antag\u00f3nicas que defin\u00edan a las naciones.<\/p>\n","protected":false},"author":93,"featured_media":0,"comment_status":"open","ping_status":"open","sticky":false,"template":"","format":"standard","meta":{"footnotes":""},"categories":[42],"tags":[],"class_list":["post-18600","post","type-post","status-publish","format-standard","hentry","category-nuestrapalabra"],"_links":{"self":[{"href":"https:\/\/plazajuarez.mx\/historico\/wp-json\/wp\/v2\/posts\/18600","targetHints":{"allow":["GET"]}}],"collection":[{"href":"https:\/\/plazajuarez.mx\/historico\/wp-json\/wp\/v2\/posts"}],"about":[{"href":"https:\/\/plazajuarez.mx\/historico\/wp-json\/wp\/v2\/types\/post"}],"author":[{"embeddable":true,"href":"https:\/\/plazajuarez.mx\/historico\/wp-json\/wp\/v2\/users\/93"}],"replies":[{"embeddable":true,"href":"https:\/\/plazajuarez.mx\/historico\/wp-json\/wp\/v2\/comments?post=18600"}],"version-history":[{"count":0,"href":"https:\/\/plazajuarez.mx\/historico\/wp-json\/wp\/v2\/posts\/18600\/revisions"}],"wp:attachment":[{"href":"https:\/\/plazajuarez.mx\/historico\/wp-json\/wp\/v2\/media?parent=18600"}],"wp:term":[{"taxonomy":"category","embeddable":true,"href":"https:\/\/plazajuarez.mx\/historico\/wp-json\/wp\/v2\/categories?post=18600"},{"taxonomy":"post_tag","embeddable":true,"href":"https:\/\/plazajuarez.mx\/historico\/wp-json\/wp\/v2\/tags?post=18600"}],"curies":[{"name":"wp","href":"https:\/\/api.w.org\/{rel}","templated":true}]}}