{"id":18597,"date":"2016-03-17T13:21:24","date_gmt":"2016-03-17T13:21:24","guid":{"rendered":"http:\/\/plazajuarez.mx\/index\/index.php\/2016\/03\/17\/dese-por-enterado-171\/"},"modified":"2020-04-14T19:09:07","modified_gmt":"2020-04-14T19:09:07","slug":"dese-por-enterado-171","status":"publish","type":"post","link":"https:\/\/plazajuarez.mx\/historico\/dese-por-enterado-171\/","title":{"rendered":"DESE POR ENTERADO"},"content":{"rendered":"<p><strong>UNA M\u00c1S DEL CANTANTE<\/strong><\/p>\n<p><strong>SALTIMBANQUI <br \/><\/strong><\/p>\n<p>Ejemplo del pol\u00edtico trinquetero, el cantante Francisco Javier Berganza, candidato panista al gobierno del estado, se avent\u00f3 la puntada de asegurar que hab\u00eda tenido un acuerdo con el tambi\u00e9n abanderado, pero del PRD a la primera magistratura estatal, Jos\u00e9 Guadarrama M\u00e1rquez, para que a trav\u00e9s de una encuesta definieran qui\u00e9n de los dos tiene m\u00e1s presencia, de tal modo que quien resultar perdedor en dicho sondeo de opini\u00f3n tendr\u00eda que declinar a favor del otro. Y como el susodicho compositor de canciones empalagosas siente que fue hecho a mano, todav\u00eda agreg\u00f3 que luego entonces el de Jacala tendr\u00e1 que renunciar a su candidatura. Pero sucede que no es cierto, que no hay tal acuerdo y que el candidato panista simplemente solt\u00f3 la versi\u00f3n a ver qu\u00e9 pasaba. Responder\u00e1 ahora como la ex candidata X\u00f3cthil G\u00e1lvez, cuando le pregunten el porqu\u00e9 acostumbra decir mentiras, \u201cera desmadre\u201d. Ni a cual irle de estos dos espec\u00edmenes peligrosos por su cinismo y desverg\u00fcenza.<\/p>\n<p>  <!--more-->  <\/p>\n<p>\u00a0<\/p>\n<p>\u00a0<\/p>\n<p>\u00a0\u00a0\u00a0\u00a0\u00a0\u00a0\u00a0\u00a0\u00a0\u00a0\u00a0\u00a0\u00a0\u00a0\u00a0\u00a0\u00a0\u00a0\u00a0\u00a0\u00a0\u00a0\u00a0\u00a0\u00a0\u00a0\u00a0\u00a0\u00a0\u00a0\u00a0\u00a0\u00a0\u00a0\u00a0\u00a0\u00a0\u00a0\u00a0\u00a0\u00a0\u00a0\u00a0\u00a0\u00a0\u00a0\u00a0\u00a0\u00a0\u00a0\u00a0\u00a0\u00a0\u00a0\u00a0\u00a0\u00a0\u00a0 ***<\/p>\n<p>\u00a0<\/p>\n<p><strong>PRD, DE PLANO QUE NO DAN UNA<\/strong><\/p>\n<p>\u00a0<\/p>\n<p>El Partido del Trabajo ha cumplido, y con creces, la tarea encomendada, y por lo mientras lograron tumbar la alianza del PRD con el PAN para contender en un buen n\u00famero de municipios en alianza. Sucede que a los perredistas se les olvid\u00f3 cumplir un requisito que exige la legislaci\u00f3n electoral y que es la notificaci\u00f3n que con los hijos de Arturo Aparicio ni a la esquina. Pero sucede que no la hicieron, y ahora culpan al Instituto Estatal Electoral de Hidalgo, porque por lo mientras est\u00e1 cancelada la alianza con el blanquiazul. \u00bfPues qui\u00e9nes son sus asesores legales que no dan una?<\/p>\n<p>\u00a0<\/p>\n<p>\u00a0\u00a0\u00a0\u00a0\u00a0\u00a0\u00a0\u00a0\u00a0\u00a0\u00a0\u00a0\u00a0\u00a0\u00a0\u00a0\u00a0\u00a0\u00a0\u00a0\u00a0\u00a0\u00a0\u00a0\u00a0\u00a0\u00a0\u00a0\u00a0\u00a0\u00a0\u00a0\u00a0\u00a0\u00a0\u00a0\u00a0\u00a0\u00a0\u00a0\u00a0\u00a0\u00a0\u00a0\u00a0\u00a0\u00a0\u00a0\u00a0\u00a0\u00a0\u00a0\u00a0\u00a0\u00a0\u00a0\u00a0\u00a0 ***<\/p>\n<p>\u00a0<\/p>\n<p><strong>CHARREZ, CANDIDATO INDEPENDIENTE<\/strong><\/p>\n<p><strong>HASTA DEL INSTITUTO ELECTORAL<\/strong><\/p>\n<p>\u00a0<\/p>\n<p>Nom\u00e1s para que vean cu\u00e1l es el compromiso del Divino Charrez con los ciudadanos del estado, a los que quiere hacer el bien sin mirar a quien, est\u00e1 por anunciar que ser\u00e1 candidato sin registro, de facto para que se entienda. Y como tal har\u00e1 campa\u00f1a, y aun cuando no aparezca en ninguna boleta porque le sea negada la licencia a la alcald\u00eda de Ixmiquilpan, los hidalguenses podr\u00e1n votar en su coraz\u00f3n a favor del Emperador del Mezquital para diputado local. ES decir que ser\u00e1 Independiente-Independiente. Porque, faltaba m\u00e1s y faltaba menos, a personajes como el citado ni falta que les hace que los pongan en una boleta electoral para que todos le demuestren lo mucho que lo quieren. Si no quiere cumplir con su cargo como alcalde, es porque \u00e9l con un a\u00f1o puede irradiar su sabidur\u00eda y conocimiento. Es m\u00e1s, para la pr\u00f3ximo se registrar\u00e1 como candidato a por lo menos cinco alcald\u00edas al mismo tiempo, porque una le queda chica. \u00a1Todos a votar por el \u00fanico candidato que ni necesidad tiene de que lo registren (aunque eso s\u00ed deber\u00edan hacer cuando quede oficialmente fuera de la presidencia de Ixmiquilpan, en una de esas se quiere llevar la n\u00f3mina). Solito y su alma, y su carnal Pascual, tiene para todos. \u00a1Qu\u00e9 viva el Emperador!<\/p>\n<p>\u00a0<\/p>\n<p>\u00a0\u00a0\u00a0\u00a0\u00a0\u00a0\u00a0\u00a0\u00a0\u00a0\u00a0\u00a0\u00a0\u00a0\u00a0\u00a0\u00a0\u00a0\u00a0\u00a0\u00a0\u00a0\u00a0\u00a0\u00a0\u00a0\u00a0\u00a0\u00a0\u00a0\u00a0\u00a0\u00a0\u00a0\u00a0\u00a0\u00a0\u00a0\u00a0\u00a0\u00a0\u00a0\u00a0\u00a0\u00a0\u00a0\u00a0\u00a0\u00a0\u00a0\u00a0\u00a0\u00a0\u00a0\u00a0\u00a0\u00a0\u00a0 ***<\/p>\n<p>DUDAS Y COMENTARIOS:<\/p>\n<p><a href=\"mailto:desexenterado@gmail.com\">desexenterado@gmail.com<\/a><\/p>\n<p>twitter: @desexenterado<\/p>\n<p>\u00a0<\/p>\n<p>\u00a0<\/p>\n<p>\u00a0<\/p>\n<p>\u00a0<\/p>\n","protected":false},"excerpt":{"rendered":"<p>UNA M\u00c1S DEL CANTANTE SALTIMBANQUI Ejemplo del pol\u00edtico trinquetero, el cantante Francisco Javier Berganza, candidato panista al gobierno del estado, se avent\u00f3 la puntada de asegurar que hab\u00eda tenido un acuerdo con el tambi\u00e9n abanderado, pero del PRD a la primera magistratura estatal, Jos\u00e9 Guadarrama M\u00e1rquez, para que a trav\u00e9s de una encuesta definieran qui\u00e9n [&hellip;]<\/p>\n","protected":false},"author":93,"featured_media":0,"comment_status":"open","ping_status":"open","sticky":false,"template":"","format":"standard","meta":{"footnotes":""},"categories":[83,42],"tags":[],"class_list":["post-18597","post","type-post","status-publish","format-standard","hentry","category-dese-por-enterado","category-nuestrapalabra"],"_links":{"self":[{"href":"https:\/\/plazajuarez.mx\/historico\/wp-json\/wp\/v2\/posts\/18597","targetHints":{"allow":["GET"]}}],"collection":[{"href":"https:\/\/plazajuarez.mx\/historico\/wp-json\/wp\/v2\/posts"}],"about":[{"href":"https:\/\/plazajuarez.mx\/historico\/wp-json\/wp\/v2\/types\/post"}],"author":[{"embeddable":true,"href":"https:\/\/plazajuarez.mx\/historico\/wp-json\/wp\/v2\/users\/93"}],"replies":[{"embeddable":true,"href":"https:\/\/plazajuarez.mx\/historico\/wp-json\/wp\/v2\/comments?post=18597"}],"version-history":[{"count":0,"href":"https:\/\/plazajuarez.mx\/historico\/wp-json\/wp\/v2\/posts\/18597\/revisions"}],"wp:attachment":[{"href":"https:\/\/plazajuarez.mx\/historico\/wp-json\/wp\/v2\/media?parent=18597"}],"wp:term":[{"taxonomy":"category","embeddable":true,"href":"https:\/\/plazajuarez.mx\/historico\/wp-json\/wp\/v2\/categories?post=18597"},{"taxonomy":"post_tag","embeddable":true,"href":"https:\/\/plazajuarez.mx\/historico\/wp-json\/wp\/v2\/tags?post=18597"}],"curies":[{"name":"wp","href":"https:\/\/api.w.org\/{rel}","templated":true}]}}