{"id":185542,"date":"2021-10-08T11:43:44","date_gmt":"2021-10-08T16:43:44","guid":{"rendered":"https:\/\/plazajuarez.mx\/?p=185542"},"modified":"2021-10-08T11:44:02","modified_gmt":"2021-10-08T16:44:02","slug":"la-senadora-ifigenia-martinez-fue-galardonada-con-la-belisario-dominguez","status":"publish","type":"post","link":"https:\/\/plazajuarez.mx\/historico\/la-senadora-ifigenia-martinez-fue-galardonada-con-la-belisario-dominguez\/","title":{"rendered":"La senadora Ifigenia Mart\u00ednez fue galardonada con la Belisario Dom\u00ednguez"},"content":{"rendered":"\n<p>(AGENCIA EL UNIVERSAL) Ayer, la senadora Ifigenia Mart\u00ednez recibi\u00f3 la Medalla Belisario Dom\u00ednguez por sus destacados logros y labor en favor de M\u00e9xico.<\/p>\n\n\n\n<p>Naci\u00f3 el 16 de junio de 1925 en el entonces DF; estudi\u00f3 Econom\u00eda en la UNAM, donde adem\u00e1s fue docente e investigadora. Tiene estudios de maestr\u00eda y doctorado en la Universidad de Harvard.<\/p>\n\n\n\n<p>La senadora de Morena particip\u00f3 en el Movimiento Estudiantil de 1968; es fundadora y socia activa de la Fundaci\u00f3n UNAM; fue fundadora del PRD, partido al que renunci\u00f3 en 2018 para unirse a Morena.<\/p>\n\n\n\n<p>Con Cuauht\u00e9moc C\u00e1rdenas y Porfirio Mu\u00f1oz Ledo, Ifigenia Mart\u00ednez encabez\u00f3 la Corriente Democr\u00e1tica dentro del PRI.<\/p>\n\n\n\n<p>Se ha desempe\u00f1ado tambi\u00e9n como diputada federal por el PRD y el Partido del Trabajo.<\/p>\n\n\n\n<p>Entre sus muchos cargos, la morenista se ha desempe\u00f1ado en el servicio p\u00fablico en la Secretar\u00eda de Hacienda, la Secretar\u00eda de Educaci\u00f3n P\u00fablica y la Secretar\u00eda de Relaciones Exteriores.<\/p>\n","protected":false},"excerpt":{"rendered":"<p>(AGENCIA EL UNIVERSAL) Ayer, la senadora Ifigenia Mart\u00ednez recibi\u00f3 la Medalla Belisario Dom\u00ednguez por sus destacados logros y labor en favor de M\u00e9xico. Naci\u00f3 el 16 de junio de 1925 en el entonces DF; estudi\u00f3 Econom\u00eda en la UNAM, donde adem\u00e1s fue docente e investigadora. Tiene estudios de maestr\u00eda y doctorado en la Universidad de [&hellip;]<\/p>\n","protected":false},"author":81,"featured_media":185546,"comment_status":"closed","ping_status":"closed","sticky":false,"template":"","format":"standard","meta":{"footnotes":""},"categories":[36],"tags":[],"class_list":["post-185542","post","type-post","status-publish","format-standard","has-post-thumbnail","hentry","category-nacion"],"_links":{"self":[{"href":"https:\/\/plazajuarez.mx\/historico\/wp-json\/wp\/v2\/posts\/185542","targetHints":{"allow":["GET"]}}],"collection":[{"href":"https:\/\/plazajuarez.mx\/historico\/wp-json\/wp\/v2\/posts"}],"about":[{"href":"https:\/\/plazajuarez.mx\/historico\/wp-json\/wp\/v2\/types\/post"}],"author":[{"embeddable":true,"href":"https:\/\/plazajuarez.mx\/historico\/wp-json\/wp\/v2\/users\/81"}],"replies":[{"embeddable":true,"href":"https:\/\/plazajuarez.mx\/historico\/wp-json\/wp\/v2\/comments?post=185542"}],"version-history":[{"count":0,"href":"https:\/\/plazajuarez.mx\/historico\/wp-json\/wp\/v2\/posts\/185542\/revisions"}],"wp:featuredmedia":[{"embeddable":true,"href":"https:\/\/plazajuarez.mx\/historico\/wp-json\/wp\/v2\/media\/185546"}],"wp:attachment":[{"href":"https:\/\/plazajuarez.mx\/historico\/wp-json\/wp\/v2\/media?parent=185542"}],"wp:term":[{"taxonomy":"category","embeddable":true,"href":"https:\/\/plazajuarez.mx\/historico\/wp-json\/wp\/v2\/categories?post=185542"},{"taxonomy":"post_tag","embeddable":true,"href":"https:\/\/plazajuarez.mx\/historico\/wp-json\/wp\/v2\/tags?post=185542"}],"curies":[{"name":"wp","href":"https:\/\/api.w.org\/{rel}","templated":true}]}}