{"id":185447,"date":"2021-10-07T14:23:50","date_gmt":"2021-10-07T19:23:50","guid":{"rendered":"https:\/\/plazajuarez.mx\/?p=185447"},"modified":"2021-10-07T14:24:06","modified_gmt":"2021-10-07T19:24:06","slug":"haitianos_migracion","status":"publish","type":"post","link":"https:\/\/plazajuarez.mx\/historico\/haitianos_migracion\/","title":{"rendered":"El Instituto de Migraci\u00f3n de M\u00e9xico deporta a 129 haitianos"},"content":{"rendered":"\n<p>El Instituto Nacional de Migraci\u00f3n (INM) de M\u00e9xico deport\u00f3 este mi\u00e9rcoles a 129 migrantes haitianos que se encontraban en situaci\u00f3n irregular en M\u00e9xico, explic\u00f3 el organismo en un comunicado.<\/p>\n\n\n\n<p>&#8220;Este mi\u00e9rcoles, el Instituto Nacional de Migraci\u00f3n (INM) llev\u00f3 a cabo el retorno de personas migrantes originarias de Hait\u00ed, con apego a los derechos humanos y en acuerdo con autoridades consulares de ese pa\u00eds&#8221;, se\u00f1al\u00f3 en la nota.<\/p>\n\n\n\n<p>El INM no precis\u00f3 del total de personas cuantas eran mujeres, hombres y menores.<\/p>\n\n\n\n<p>El traslado fue en avi\u00f3n desde la ciudad de Tapachula, en el sure\u00f1o estado de Chiapas, hasta el Aeropuerto Internacional de Puerto Pr\u00edncipe, capital del pa\u00eds caribe\u00f1o.<\/p>\n\n\n\n<p>&#8220;Estas acciones forman parte de la mesa de di\u00e1logo permanente, instalada el 21 de septiembre pasado en las oficinas centrales del INM, entre representantes del Gobierno de M\u00e9xico y Hait\u00ed, con la finalidad de atender las necesidades de la poblaci\u00f3n migrante de origen haitiano, ubicadas en territorio nacional&#8221;, expres\u00f3 el organismo en un comunicado.<\/p>\n\n\n\n<p>Con esto, consideraron que se refrenda el compromiso por una migraci\u00f3n &#8220;segura, ordenada y regular con pleno respeto y salvaguarda de los derechos humanos, as\u00ed como para fortalecer los lazos de cooperaci\u00f3n entre el Gobierno de M\u00e9xico y otras naciones a favor de quienes se encuentran en contexto de movilidad&#8221;.<\/p>\n\n\n\n<p>El sur de M\u00e9xico registra en los \u00faltimos meses un flujo migratorio hist\u00f3rico con 147.000 indocumentados detectados en M\u00e9xico de enero a agosto, el triple de 2020, y un r\u00e9cord de 212.000 indocumentados detenidos solo en julio por la Oficina de Aduanas y Protecci\u00f3n Fronteriza (CBP, en ingl\u00e9s) de Estados Unidos.<\/p>\n\n\n\n<p>En los primeros d\u00edas de septiembre, desde Tapachula, municipio del suroriental estado de Chiapas, frontera con Guatemala, salieron cuatro caravanas de migrantes -muchos de ellos haitianos-, pero todas fueron desarticuladas en duros operativos de las fuerzas de seguridad.<\/p>\n\n\n\n<p>Desde octubre de 2018, y a pesar del endurecimiento de la vigilancia en la frontera sur de M\u00e9xico, miles de migrantes de Centroam\u00e9rica, pero tambi\u00e9n de Cuba, Hait\u00ed y de diversos pa\u00edses africanos y asi\u00e1ticos ingresan en el territorio mexicano con el objetivo de llegar a Estados Unidos.<\/p>\n","protected":false},"excerpt":{"rendered":"<p>El Instituto Nacional de Migraci\u00f3n (INM) de M\u00e9xico deport\u00f3 este mi\u00e9rcoles a 129 migrantes haitianos que se encontraban en situaci\u00f3n irregular en M\u00e9xico, explic\u00f3 el organismo en un comunicado. &#8220;Este mi\u00e9rcoles, el Instituto Nacional de Migraci\u00f3n (INM) llev\u00f3 a cabo el retorno de personas migrantes originarias de Hait\u00ed, con apego a los derechos humanos y [&hellip;]<\/p>\n","protected":false},"author":80,"featured_media":185448,"comment_status":"closed","ping_status":"closed","sticky":false,"template":"","format":"standard","meta":{"footnotes":""},"categories":[36],"tags":[],"class_list":["post-185447","post","type-post","status-publish","format-standard","has-post-thumbnail","hentry","category-nacion"],"_links":{"self":[{"href":"https:\/\/plazajuarez.mx\/historico\/wp-json\/wp\/v2\/posts\/185447","targetHints":{"allow":["GET"]}}],"collection":[{"href":"https:\/\/plazajuarez.mx\/historico\/wp-json\/wp\/v2\/posts"}],"about":[{"href":"https:\/\/plazajuarez.mx\/historico\/wp-json\/wp\/v2\/types\/post"}],"author":[{"embeddable":true,"href":"https:\/\/plazajuarez.mx\/historico\/wp-json\/wp\/v2\/users\/80"}],"replies":[{"embeddable":true,"href":"https:\/\/plazajuarez.mx\/historico\/wp-json\/wp\/v2\/comments?post=185447"}],"version-history":[{"count":0,"href":"https:\/\/plazajuarez.mx\/historico\/wp-json\/wp\/v2\/posts\/185447\/revisions"}],"wp:featuredmedia":[{"embeddable":true,"href":"https:\/\/plazajuarez.mx\/historico\/wp-json\/wp\/v2\/media\/185448"}],"wp:attachment":[{"href":"https:\/\/plazajuarez.mx\/historico\/wp-json\/wp\/v2\/media?parent=185447"}],"wp:term":[{"taxonomy":"category","embeddable":true,"href":"https:\/\/plazajuarez.mx\/historico\/wp-json\/wp\/v2\/categories?post=185447"},{"taxonomy":"post_tag","embeddable":true,"href":"https:\/\/plazajuarez.mx\/historico\/wp-json\/wp\/v2\/tags?post=185447"}],"curies":[{"name":"wp","href":"https:\/\/api.w.org\/{rel}","templated":true}]}}