{"id":185442,"date":"2021-10-07T14:18:14","date_gmt":"2021-10-07T19:18:14","guid":{"rendered":"https:\/\/plazajuarez.mx\/?p=185442"},"modified":"2021-10-07T14:18:28","modified_gmt":"2021-10-07T19:18:28","slug":"reactivacion_mexico","status":"publish","type":"post","link":"https:\/\/plazajuarez.mx\/historico\/reactivacion_mexico\/","title":{"rendered":"La reactivaci\u00f3n en M\u00e9xico procede de los estados por el escaso apoyo federal"},"content":{"rendered":"\n<p>La reactivaci\u00f3n econ\u00f3mica post-pandemia en M\u00e9xico se est\u00e1 haciendo desde los estados y municipios ante el poco apoyo del Gobierno federal del presidente Andr\u00e9s Manuel L\u00f3pez Obrador, asegur\u00f3 este mi\u00e9rcoles el exsecretario de turismo mexicano Enrique de la Madrid.<\/p>\n\n\n\n<p>&#8220;En el caso mexicano los recursos federales son escasos, por lo que la reactivaci\u00f3n tendr\u00e1 que ser desde lo local con la recaudaci\u00f3n del sistema fiscal local&#8221;, lament\u00f3 en su participaci\u00f3n en la feria Smart City Expo Latam Congress, que se celebra en M\u00e9rida, la capital del estado del sur mexicano Yucat\u00e1n.<\/p>\n\n\n\n<p>De la Madrid, quien fue el encargado de la cartera de Turismo de 2015 a 2018 durante la presidencia de Enrique Pe\u00f1a Nieto (2012-2018), dijo que en esta vuelta a la normalidad se deben involucrar los ciudadanos, los empresarios y la academia.<\/p>\n\n\n\n<p>Tambi\u00e9n hizo \u00e9nfasis en que la vacunaci\u00f3n contra la covid-19 es parte fundamental para que la econom\u00eda mexicana y del mundo pueda regresar a un estado \u00f3ptimo.<\/p>\n\n\n\n<p>&#8220;Es important\u00edsimo acelerar la vacunaci\u00f3n, es una prioridad. No va a haber una reactivaci\u00f3n plena si no lo hacemos&#8221;, se\u00f1al\u00f3 el hijo del expresidente mexicano Miguel de la Madrid, quien gobern\u00f3 el pa\u00eds de 1982 a 1988.<\/p>\n\n\n\n<p>El exdiputado critic\u00f3 que, antes de la pandemia, la administraci\u00f3n de L\u00f3pez Obrador eliminase el seguro popular, ya que quedaron desprotegidos millones de mexicanos en la crisis sanitaria desatada por el coronavirus.<\/p>\n\n\n\n<p>&#8220;Ten\u00edamos un seguro popular para atender personas que no formaban parte de la econom\u00eda formal en M\u00e9xico y se decidi\u00f3 suspenderlo. En dos a\u00f1os 16 millones de mexicanos se quedaron sin acceso a los servicios de salud. Debemos crear un sistema de salud universal&#8221;, a\u00f1adi\u00f3.<\/p>\n\n\n\n<p>El alcalde del municipio colombiano de Bucaramanga, Juan Carlos C\u00e1rdenas, pidi\u00f3 que en la reactivaci\u00f3n econ\u00f3mica no se pierda de vista levantar el \u00e1nimo a los ciudadanos con mensajes optimistas.<\/p>\n\n\n\n<p>&#8220;En la pandemia hemos vivido una crisis econ\u00f3mica, de salud, emocional y a los mandatarios locales nos plantea retos importantes, como es llenar de optimismo a los ciudadanos y eso exige un doble esfuerzo, m\u00e1s de cercan\u00eda y territorio&#8221;, coment\u00f3.<\/p>\n\n\n\n<p>Agreg\u00f3 que para dar mensajes optimistas a la sociedad es importante informarse con cient\u00edficos para que la comunicaci\u00f3n sea certera.<\/p>\n\n\n\n<p>&#8220;Aprecio estos foros porque lo que est\u00e1 claro para m\u00ed es que ser\u00e1 fundamental la ciencia en el mundo de la pol\u00edtica para entender los fen\u00f3menos y plantear una l\u00ednea de comunicaci\u00f3n con conocimiento de que las personas estar\u00e1n mejor&#8221;, concluy\u00f3 en su intervenci\u00f3n en la feria Smart City Expo Latam Congress.<\/p>\n\n\n\n<p>En la feria Smart City Expo Latam Congress participan 300 conferenciantes, 200 empresas e instituciones que representan a mas de 300 ciudades de 45 pa\u00edses.<\/p>\n\n\n\n<p>Del martes al jueves la feria es presencial en el Centro Internacional de Congresos de Yucat\u00e1n y virtual del 11 al 14.<\/p>\n","protected":false},"excerpt":{"rendered":"<p>La reactivaci\u00f3n econ\u00f3mica post-pandemia en M\u00e9xico se est\u00e1 haciendo desde los estados y municipios ante el poco apoyo del Gobierno federal del presidente Andr\u00e9s Manuel L\u00f3pez Obrador, asegur\u00f3 este mi\u00e9rcoles el exsecretario de turismo mexicano Enrique de la Madrid. &#8220;En el caso mexicano los recursos federales son escasos, por lo que la reactivaci\u00f3n tendr\u00e1 que [&hellip;]<\/p>\n","protected":false},"author":80,"featured_media":185445,"comment_status":"closed","ping_status":"closed","sticky":false,"template":"","format":"standard","meta":{"footnotes":""},"categories":[36],"tags":[],"class_list":["post-185442","post","type-post","status-publish","format-standard","has-post-thumbnail","hentry","category-nacion"],"_links":{"self":[{"href":"https:\/\/plazajuarez.mx\/historico\/wp-json\/wp\/v2\/posts\/185442","targetHints":{"allow":["GET"]}}],"collection":[{"href":"https:\/\/plazajuarez.mx\/historico\/wp-json\/wp\/v2\/posts"}],"about":[{"href":"https:\/\/plazajuarez.mx\/historico\/wp-json\/wp\/v2\/types\/post"}],"author":[{"embeddable":true,"href":"https:\/\/plazajuarez.mx\/historico\/wp-json\/wp\/v2\/users\/80"}],"replies":[{"embeddable":true,"href":"https:\/\/plazajuarez.mx\/historico\/wp-json\/wp\/v2\/comments?post=185442"}],"version-history":[{"count":0,"href":"https:\/\/plazajuarez.mx\/historico\/wp-json\/wp\/v2\/posts\/185442\/revisions"}],"wp:featuredmedia":[{"embeddable":true,"href":"https:\/\/plazajuarez.mx\/historico\/wp-json\/wp\/v2\/media\/185445"}],"wp:attachment":[{"href":"https:\/\/plazajuarez.mx\/historico\/wp-json\/wp\/v2\/media?parent=185442"}],"wp:term":[{"taxonomy":"category","embeddable":true,"href":"https:\/\/plazajuarez.mx\/historico\/wp-json\/wp\/v2\/categories?post=185442"},{"taxonomy":"post_tag","embeddable":true,"href":"https:\/\/plazajuarez.mx\/historico\/wp-json\/wp\/v2\/tags?post=185442"}],"curies":[{"name":"wp","href":"https:\/\/api.w.org\/{rel}","templated":true}]}}