{"id":185435,"date":"2021-10-07T14:02:11","date_gmt":"2021-10-07T19:02:11","guid":{"rendered":"https:\/\/plazajuarez.mx\/?p=185435"},"modified":"2021-10-07T14:02:31","modified_gmt":"2021-10-07T19:02:31","slug":"thalia_celebra","status":"publish","type":"post","link":"https:\/\/plazajuarez.mx\/historico\/thalia_celebra\/","title":{"rendered":"Thal\u00eda celebra el cumplea\u00f1os 14 de su hija Sabrina"},"content":{"rendered":"\n<p>Thal\u00eda est\u00e1 de fiesta, la cantante que hace unas semanas cumpli\u00f3 50 a\u00f1os, celebra hoy los 14 a\u00f1os de su hija Sabrina.<\/p>\n\n\n\n<p>La cantante comparti\u00f3 en sus redes una serie de fotograf\u00edas con su hija, las cuales acompa\u00f1\u00f3 con un mensaje de amor y de admiraci\u00f3n, en el que la int\u00e9rprete de &#8220;Amor a la mexicana&#8221; le recuerda a Sabrina lo mucho que la quiere, la respeta y la admira.<\/p>\n\n\n\n<p>Thal\u00eda dej\u00f3 ver su lado m\u00e1s amoroso al confesar que se siente bendecida por ser la madre de Sabrina.<\/p>\n\n\n\n<p>&#8220;\u00a1Hoy mi beb\u00e9 cumple 14 a\u00f1os! Sabrina Saka\u00eb, amor m\u00edo, eres la persona m\u00e1s maravillosa que he conocido en mi vida. \u00a1Eres una guerrera! Con un alma fuerte, poderosa, un coraz\u00f3n generoso y lleno de amor para compartir. Eres una maestra de vida, con la fuerza de reinventarte y de salir adelante ante cualquier obst\u00e1culo. \u00a1Eres MARAVILLOSA!. Te admiro, te respeto, te sigo y sostengo tu mano en este caminar por la vida. Recuerda que en todo momento SIEMPRE, Dios te lleva en la Palma de su mano y te rodea de su cuidado y amor. Hija, que privilegio ser tu madre, que regalo m\u00e1s hermoso el que me dio mi Se\u00f1or al haberme elegido para ayudarle a moldear su voluntad en ti. \u00a1Te amo hermoso ser de Luz! \u00a1Feliz cumplea\u00f1os mi amor! Te AMOOOOOOOOO&#8221;, se lee en el mensaje.<\/p>\n\n\n\n<p>Thal\u00eda y su esposo Tommy Mottola tienen dos hijos en com\u00fan: Sabrina Saka\u00eb Mottola y Matthew Alejandro Mottola Sodi, y a pesar de que son muy reservados con su vida personal, en esta ocasi\u00f3n la mexicana comparti\u00f3 un poco de sus momentos en familia junto a su hija.<\/p>\n","protected":false},"excerpt":{"rendered":"<p>Thal\u00eda est\u00e1 de fiesta, la cantante que hace unas semanas cumpli\u00f3 50 a\u00f1os, celebra hoy los 14 a\u00f1os de su hija Sabrina. La cantante comparti\u00f3 en sus redes una serie de fotograf\u00edas con su hija, las cuales acompa\u00f1\u00f3 con un mensaje de amor y de admiraci\u00f3n, en el que la int\u00e9rprete de &#8220;Amor a la [&hellip;]<\/p>\n","protected":false},"author":80,"featured_media":185436,"comment_status":"closed","ping_status":"closed","sticky":false,"template":"","format":"standard","meta":{"footnotes":""},"categories":[38],"tags":[],"class_list":["post-185435","post","type-post","status-publish","format-standard","has-post-thumbnail","hentry","category-show"],"_links":{"self":[{"href":"https:\/\/plazajuarez.mx\/historico\/wp-json\/wp\/v2\/posts\/185435","targetHints":{"allow":["GET"]}}],"collection":[{"href":"https:\/\/plazajuarez.mx\/historico\/wp-json\/wp\/v2\/posts"}],"about":[{"href":"https:\/\/plazajuarez.mx\/historico\/wp-json\/wp\/v2\/types\/post"}],"author":[{"embeddable":true,"href":"https:\/\/plazajuarez.mx\/historico\/wp-json\/wp\/v2\/users\/80"}],"replies":[{"embeddable":true,"href":"https:\/\/plazajuarez.mx\/historico\/wp-json\/wp\/v2\/comments?post=185435"}],"version-history":[{"count":0,"href":"https:\/\/plazajuarez.mx\/historico\/wp-json\/wp\/v2\/posts\/185435\/revisions"}],"wp:featuredmedia":[{"embeddable":true,"href":"https:\/\/plazajuarez.mx\/historico\/wp-json\/wp\/v2\/media\/185436"}],"wp:attachment":[{"href":"https:\/\/plazajuarez.mx\/historico\/wp-json\/wp\/v2\/media?parent=185435"}],"wp:term":[{"taxonomy":"category","embeddable":true,"href":"https:\/\/plazajuarez.mx\/historico\/wp-json\/wp\/v2\/categories?post=185435"},{"taxonomy":"post_tag","embeddable":true,"href":"https:\/\/plazajuarez.mx\/historico\/wp-json\/wp\/v2\/tags?post=185435"}],"curies":[{"name":"wp","href":"https:\/\/api.w.org\/{rel}","templated":true}]}}