{"id":185400,"date":"2021-10-07T11:40:31","date_gmt":"2021-10-07T16:40:31","guid":{"rendered":"https:\/\/plazajuarez.mx\/?p=185400"},"modified":"2021-10-07T11:40:40","modified_gmt":"2021-10-07T16:40:40","slug":"no-somos-clasistas-responden-empresarios-a-amlo","status":"publish","type":"post","link":"https:\/\/plazajuarez.mx\/historico\/no-somos-clasistas-responden-empresarios-a-amlo\/","title":{"rendered":"&#8220;No somos clasistas&#8221;, responden empresarios a AMLO"},"content":{"rendered":"\n<p>(AGENCIA EL UNIVERSAL) Al sector privado mexicano le interesa el pa\u00eds, la sociedad, le preocupa la pobreza y el bienestar de la poblaci\u00f3n, &#8220;no tenemos visi\u00f3n clasista&#8221;, dijo el presidente del Consejo Coordinador Empresarial, Carlos Salazar Lomel\u00edn.<\/p>\n\n\n\n<p>Los empresarios deben tener una bandera de orden social y promoverla, as\u00ed como mostrar que su objetivo no es exclusivamente crear valor econ\u00f3mico, de lo contrario ser\u00edan objeto de ataques, expuso.<\/p>\n\n\n\n<p>Record\u00f3 que AMLO pidi\u00f3 a los &#8220;legisladores en general no solo de un partido que tienen que definirse, tienen que colocarse en su sitio, entonces los legisladores van ahora a manifestar si est\u00e1n a favor del pueblo, del consumidor, del usuario o a favor de las empresas, de los grupos de intereses creados, no solo es un asunto de partido&#8221;, es decir, considera que las empresas no tienen objetivos sociales.<\/p>\n\n\n\n<p>&#8220;Ayer o\u00ed al presidente hablando de si queremos estar con los ricos y con las empresas o realmente con el pueblo. Claro que estamos con la sociedad, claro que estamos con los mejores intereses de la sociedad, claro que no tenemos esa visi\u00f3n clasista\u201d.<\/p>\n","protected":false},"excerpt":{"rendered":"<p>(AGENCIA EL UNIVERSAL) Al sector privado mexicano le interesa el pa\u00eds, la sociedad, le preocupa la pobreza y el bienestar de la poblaci\u00f3n, &#8220;no tenemos visi\u00f3n clasista&#8221;, dijo el presidente del Consejo Coordinador Empresarial, Carlos Salazar Lomel\u00edn. Los empresarios deben tener una bandera de orden social y promoverla, as\u00ed como mostrar que su objetivo no [&hellip;]<\/p>\n","protected":false},"author":81,"featured_media":177710,"comment_status":"closed","ping_status":"closed","sticky":false,"template":"","format":"standard","meta":{"footnotes":""},"categories":[36],"tags":[],"class_list":["post-185400","post","type-post","status-publish","format-standard","has-post-thumbnail","hentry","category-nacion"],"_links":{"self":[{"href":"https:\/\/plazajuarez.mx\/historico\/wp-json\/wp\/v2\/posts\/185400","targetHints":{"allow":["GET"]}}],"collection":[{"href":"https:\/\/plazajuarez.mx\/historico\/wp-json\/wp\/v2\/posts"}],"about":[{"href":"https:\/\/plazajuarez.mx\/historico\/wp-json\/wp\/v2\/types\/post"}],"author":[{"embeddable":true,"href":"https:\/\/plazajuarez.mx\/historico\/wp-json\/wp\/v2\/users\/81"}],"replies":[{"embeddable":true,"href":"https:\/\/plazajuarez.mx\/historico\/wp-json\/wp\/v2\/comments?post=185400"}],"version-history":[{"count":0,"href":"https:\/\/plazajuarez.mx\/historico\/wp-json\/wp\/v2\/posts\/185400\/revisions"}],"wp:featuredmedia":[{"embeddable":true,"href":"https:\/\/plazajuarez.mx\/historico\/wp-json\/wp\/v2\/media\/177710"}],"wp:attachment":[{"href":"https:\/\/plazajuarez.mx\/historico\/wp-json\/wp\/v2\/media?parent=185400"}],"wp:term":[{"taxonomy":"category","embeddable":true,"href":"https:\/\/plazajuarez.mx\/historico\/wp-json\/wp\/v2\/categories?post=185400"},{"taxonomy":"post_tag","embeddable":true,"href":"https:\/\/plazajuarez.mx\/historico\/wp-json\/wp\/v2\/tags?post=185400"}],"curies":[{"name":"wp","href":"https:\/\/api.w.org\/{rel}","templated":true}]}}