{"id":185380,"date":"2021-10-07T09:05:04","date_gmt":"2021-10-07T14:05:04","guid":{"rendered":"https:\/\/plazajuarez.mx\/?p=185380"},"modified":"2021-10-07T09:17:58","modified_gmt":"2021-10-07T14:17:58","slug":"agreden-fisicamente-a-periodista-en-transmision-en-vivo","status":"publish","type":"post","link":"https:\/\/plazajuarez.mx\/historico\/agreden-fisicamente-a-periodista-en-transmision-en-vivo\/","title":{"rendered":"Agreden f\u00edsicamente a periodista en transmisi\u00f3n en vivo"},"content":{"rendered":"\n<p><strong>Ixmiquilpan.-<\/strong> El periodista independiente, Roberto Bravo, fue agredido f\u00edsicamente por un hombre, cuando hac\u00eda un reportaje en vivo sobre los baches en el centro de la ciudad de Ixmiquilpan, sobre la avenida Felipe \u00c1ngeles.<\/p>\n\n\n\n<p>El agresor, de porte militar, vestido de negro, se le fue a los golpes al comunicador a la altura del punto conocido como La Huasteca.<\/p>\n\n\n\n<p>De acuerdo al periodista, d\u00edas antes, un funcionario del ayuntamiento le inform\u00f3, que hab\u00eda una orden para \u201cromperle la madre\u201d a la brevedad y le recomendaba que evitara la v\u00eda p\u00fablica o que bajara de tono a sus transmisiones en sus tres programas de radio por internet.<\/p>\n\n\n\n<p>Tras las agresiones, diversos sectores de la poblaci\u00f3n, le han manifestado su solidaridad, asimismo condenado estos hechos de violencia, debido a que agudizan y polarizan la vida p\u00fablica e inseguridad en este municipio.<\/p>\n\n\n\n<p>En los \u00faltimos dos meses, un promedio de 19 personas de Ixmiquilpan, han sido privadas de la vida, asimismo, han comenzado con las extirpaciones a negocios para el cobro de derecho de piso.<\/p>\n","protected":false},"excerpt":{"rendered":"<p>Ixmiquilpan.- El periodista independiente, Roberto Bravo, fue agredido f\u00edsicamente por un hombre, cuando hac\u00eda un reportaje en vivo sobre los baches en el centro de la ciudad de Ixmiquilpan, sobre la avenida Felipe \u00c1ngeles. El agresor, de porte militar, vestido de negro, se le fue a los golpes al comunicador a la altura del punto [&hellip;]<\/p>\n","protected":false},"author":75,"featured_media":185386,"comment_status":"closed","ping_status":"closed","sticky":false,"template":"","format":"standard","meta":{"footnotes":""},"categories":[15,2159,40],"tags":[],"class_list":["post-185380","post","type-post","status-publish","format-standard","has-post-thumbnail","hentry","category-destacadas","category-noticias-de-hidalgo","category-region"],"_links":{"self":[{"href":"https:\/\/plazajuarez.mx\/historico\/wp-json\/wp\/v2\/posts\/185380","targetHints":{"allow":["GET"]}}],"collection":[{"href":"https:\/\/plazajuarez.mx\/historico\/wp-json\/wp\/v2\/posts"}],"about":[{"href":"https:\/\/plazajuarez.mx\/historico\/wp-json\/wp\/v2\/types\/post"}],"author":[{"embeddable":true,"href":"https:\/\/plazajuarez.mx\/historico\/wp-json\/wp\/v2\/users\/75"}],"replies":[{"embeddable":true,"href":"https:\/\/plazajuarez.mx\/historico\/wp-json\/wp\/v2\/comments?post=185380"}],"version-history":[{"count":0,"href":"https:\/\/plazajuarez.mx\/historico\/wp-json\/wp\/v2\/posts\/185380\/revisions"}],"wp:featuredmedia":[{"embeddable":true,"href":"https:\/\/plazajuarez.mx\/historico\/wp-json\/wp\/v2\/media\/185386"}],"wp:attachment":[{"href":"https:\/\/plazajuarez.mx\/historico\/wp-json\/wp\/v2\/media?parent=185380"}],"wp:term":[{"taxonomy":"category","embeddable":true,"href":"https:\/\/plazajuarez.mx\/historico\/wp-json\/wp\/v2\/categories?post=185380"},{"taxonomy":"post_tag","embeddable":true,"href":"https:\/\/plazajuarez.mx\/historico\/wp-json\/wp\/v2\/tags?post=185380"}],"curies":[{"name":"wp","href":"https:\/\/api.w.org\/{rel}","templated":true}]}}