{"id":185377,"date":"2021-10-07T09:04:51","date_gmt":"2021-10-07T14:04:51","guid":{"rendered":"https:\/\/plazajuarez.mx\/?p=185377"},"modified":"2021-10-07T09:05:09","modified_gmt":"2021-10-07T14:05:09","slug":"medidas-contra-la-covid-19-continuaran-en-ixmiquilpan","status":"publish","type":"post","link":"https:\/\/plazajuarez.mx\/historico\/medidas-contra-la-covid-19-continuaran-en-ixmiquilpan\/","title":{"rendered":"Medidas contra la Covid-19 continuar\u00e1n en Ixmiquilpan"},"content":{"rendered":"\n<p><strong>Ixmiquilpan<\/strong>.- Las medidas contra la pandemia de Covid19 continuar\u00e1n en el municipio, el cual no ha salido de la crisis sanitaria, puesto que sigue en sem\u00e1foro rojo, como parte de la tercera ola de contagios, afirm\u00f3 el director de protecci\u00f3n civil, Marcelino Capula.\u00a0<\/p>\n\n\n\n<p>El centro de la ciudad continuar\u00e1 cerrado a los peatones, esta medida se mantendr\u00e1 hasta que las dependencias de salud as\u00ed lo determinen, asegur\u00f3, porque el municipio sigue en sem\u00e1foro rojo y los contagios contin\u00faan elev\u00e1ndose.&nbsp;<\/p>\n\n\n\n<p>Explic\u00f3, que no s\u00f3lo son los contagios, tambi\u00e9n se han registrado muertes, incluso personal de su \u00e1rea, se han enfermado de Covid19. Por este motivo continuar\u00e1n las medidas restrictivas en el municipio, hasta superar la etapa de riesgos.&nbsp;<\/p>\n\n\n\n<p>Como parte de las acciones, se contin\u00faan realizando labores de sanitizaci\u00f3n en los espacios p\u00fablicos, entre ellos el tianguis, que son lugares donde normalmente existe una importante concentraci\u00f3n de personas.&nbsp;<\/p>\n\n\n\n<p>El municipio de Ixmiquilpan a\u00fan contin\u00faa con altos \u00edndices de contagios, de acuerdo a personal del hospital general, las hospitalizaciones por Covid19, mantienen saturada el \u00e1rea que se habilit\u00f3 para los pacientes de esta enfermedad.&nbsp;<\/p>\n","protected":false},"excerpt":{"rendered":"<p>Ixmiquilpan.- Las medidas contra la pandemia de Covid19 continuar\u00e1n en el municipio, el cual no ha salido de la crisis sanitaria, puesto que sigue en sem\u00e1foro rojo, como parte de la tercera ola de contagios, afirm\u00f3 el director de protecci\u00f3n civil, Marcelino Capula.\u00a0 El centro de la ciudad continuar\u00e1 cerrado a los peatones, esta medida [&hellip;]<\/p>\n","protected":false},"author":75,"featured_media":185385,"comment_status":"closed","ping_status":"closed","sticky":false,"template":"","format":"standard","meta":{"footnotes":""},"categories":[2159,40],"tags":[],"class_list":["post-185377","post","type-post","status-publish","format-standard","has-post-thumbnail","hentry","category-noticias-de-hidalgo","category-region"],"_links":{"self":[{"href":"https:\/\/plazajuarez.mx\/historico\/wp-json\/wp\/v2\/posts\/185377","targetHints":{"allow":["GET"]}}],"collection":[{"href":"https:\/\/plazajuarez.mx\/historico\/wp-json\/wp\/v2\/posts"}],"about":[{"href":"https:\/\/plazajuarez.mx\/historico\/wp-json\/wp\/v2\/types\/post"}],"author":[{"embeddable":true,"href":"https:\/\/plazajuarez.mx\/historico\/wp-json\/wp\/v2\/users\/75"}],"replies":[{"embeddable":true,"href":"https:\/\/plazajuarez.mx\/historico\/wp-json\/wp\/v2\/comments?post=185377"}],"version-history":[{"count":0,"href":"https:\/\/plazajuarez.mx\/historico\/wp-json\/wp\/v2\/posts\/185377\/revisions"}],"wp:featuredmedia":[{"embeddable":true,"href":"https:\/\/plazajuarez.mx\/historico\/wp-json\/wp\/v2\/media\/185385"}],"wp:attachment":[{"href":"https:\/\/plazajuarez.mx\/historico\/wp-json\/wp\/v2\/media?parent=185377"}],"wp:term":[{"taxonomy":"category","embeddable":true,"href":"https:\/\/plazajuarez.mx\/historico\/wp-json\/wp\/v2\/categories?post=185377"},{"taxonomy":"post_tag","embeddable":true,"href":"https:\/\/plazajuarez.mx\/historico\/wp-json\/wp\/v2\/tags?post=185377"}],"curies":[{"name":"wp","href":"https:\/\/api.w.org\/{rel}","templated":true}]}}