{"id":185360,"date":"2021-10-07T06:00:00","date_gmt":"2021-10-07T11:00:00","guid":{"rendered":"https:\/\/plazajuarez.mx\/?p=185360"},"modified":"2021-10-06T23:59:04","modified_gmt":"2021-10-07T04:59:04","slug":"tianguis-de-pueblos-magicos-se-realizara-del-29-al-31-de-octubre","status":"publish","type":"post","link":"https:\/\/plazajuarez.mx\/historico\/tianguis-de-pueblos-magicos-se-realizara-del-29-al-31-de-octubre\/","title":{"rendered":"Tianguis de Pueblos M\u00e1gicos se realizar\u00e1 del 29 al 31 de octubre"},"content":{"rendered":"\n<p>El titular de la Secretar\u00eda de Turismo de Hidalgo, Eduardo Ba\u00f1os G\u00f3mez, inform\u00f3 que del 29 al 31 de octubre se llevar\u00e1 a cabo, de manera virtual, el Tianguis de Pueblos M\u00e1gicos teniendo como sede la entidad.<\/p>\n\n\n\n<p>En entrevista para el programa \u201cAl Aire\u201d del Sistema de Radio y Televisi\u00f3n de Hidalgo record\u00f3 que hace dos a\u00f1os, Andr\u00e9s Manuel L\u00f3pez Obrador, decret\u00f3 el 5 de octubre como el D\u00eda Nacional de los Pueblos M\u00e1gicos.<\/p>\n\n\n\n<p>En ese sentido coment\u00f3 que el pasado martes, realizaron la primera conmemoraci\u00f3n en el municipio de Huasca de Ocampo, primer Pueblo M\u00e1gico a nivel nacional, y posteriormente Adem\u00e1s, Ba\u00f1os G\u00f3mez manifest\u00f3 que est\u00e1n en la espera que el gobierno federal lance la convocatoria para poder ingresar las solicitudes para que se nomine a candidatos a dicha denominaci\u00f3n; buscan proponer a uno de los pueblos ubicados en la Huasteca o Sierra.&nbsp;<\/p>\n","protected":false},"excerpt":{"rendered":"<p>El titular de la Secretar\u00eda de Turismo de Hidalgo, Eduardo Ba\u00f1os G\u00f3mez, inform\u00f3 que del 29 al 31 de octubre se llevar\u00e1 a cabo, de manera virtual, el Tianguis de Pueblos M\u00e1gicos teniendo como sede la entidad. En entrevista para el programa \u201cAl Aire\u201d del Sistema de Radio y Televisi\u00f3n de Hidalgo record\u00f3 que hace [&hellip;]<\/p>\n","protected":false},"author":73,"featured_media":185356,"comment_status":"closed","ping_status":"closed","sticky":false,"template":"","format":"standard","meta":{"footnotes":""},"categories":[15,59],"tags":[],"class_list":["post-185360","post","type-post","status-publish","format-standard","has-post-thumbnail","hentry","category-destacadas","category-general"],"_links":{"self":[{"href":"https:\/\/plazajuarez.mx\/historico\/wp-json\/wp\/v2\/posts\/185360","targetHints":{"allow":["GET"]}}],"collection":[{"href":"https:\/\/plazajuarez.mx\/historico\/wp-json\/wp\/v2\/posts"}],"about":[{"href":"https:\/\/plazajuarez.mx\/historico\/wp-json\/wp\/v2\/types\/post"}],"author":[{"embeddable":true,"href":"https:\/\/plazajuarez.mx\/historico\/wp-json\/wp\/v2\/users\/73"}],"replies":[{"embeddable":true,"href":"https:\/\/plazajuarez.mx\/historico\/wp-json\/wp\/v2\/comments?post=185360"}],"version-history":[{"count":0,"href":"https:\/\/plazajuarez.mx\/historico\/wp-json\/wp\/v2\/posts\/185360\/revisions"}],"wp:featuredmedia":[{"embeddable":true,"href":"https:\/\/plazajuarez.mx\/historico\/wp-json\/wp\/v2\/media\/185356"}],"wp:attachment":[{"href":"https:\/\/plazajuarez.mx\/historico\/wp-json\/wp\/v2\/media?parent=185360"}],"wp:term":[{"taxonomy":"category","embeddable":true,"href":"https:\/\/plazajuarez.mx\/historico\/wp-json\/wp\/v2\/categories?post=185360"},{"taxonomy":"post_tag","embeddable":true,"href":"https:\/\/plazajuarez.mx\/historico\/wp-json\/wp\/v2\/tags?post=185360"}],"curies":[{"name":"wp","href":"https:\/\/api.w.org\/{rel}","templated":true}]}}