{"id":185345,"date":"2021-10-07T06:00:00","date_gmt":"2021-10-07T11:00:00","guid":{"rendered":"https:\/\/plazajuarez.mx\/?p=185345"},"modified":"2021-10-06T23:34:21","modified_gmt":"2021-10-07T04:34:21","slug":"alfil-negro-2176","status":"publish","type":"post","link":"https:\/\/plazajuarez.mx\/historico\/alfil-negro-2176\/","title":{"rendered":"ALFIL NEGRO"},"content":{"rendered":"\n<h2 class=\"wp-block-heading\"><strong>EN MORENA, TODOS QUIEREN<\/strong><\/h2>\n\n\n\n<p>La lista de suspirantes en Morena para la gubernatura, en lo que consideran inevitable alternancia, crece todos los d\u00edas con nuevos nombres, algunos de ellos francamente hasta rid\u00edculos, pero que dan una idea de lo f\u00e1cil que se les han dado las cosas, para pensar que en ese partido lo importante es ser candidatos, porque la gubernatura piensan la tienen segura s\u00f3lo por ser parte del partido del Presidente.<\/p>\n\n\n\n<p>Seguramente esto explica que el se\u00f1or diputado, Cuauht\u00e9moc Ochoa, haya dejado su partido de origen que es el PVEM y haya decidido pasarse a las filas de Morena, que le dar\u00edan m\u00e1s opciones de ganar el cuarto piso de Palacio de Gobierno si le dan la candidatura.<\/p>\n\n\n\n<p>Es un movimiento v\u00e1lido, porque no se les impone a los que ganan un puesto de elecci\u00f3n&nbsp; permanecer en el partido por el que ganaron y que les dar\u00eda un extra en su proceder por ser congruentes en sus ideales y compromisos partidarios.<\/p>\n\n\n\n<p>La ley les permite cambiar de uniforme de acuerdo a sus conveniencias o decisiones ,y as\u00ed proceden.<\/p>\n\n\n\n<p>Y en esta forma de actuar, vemos como hay pol\u00edticos que en una elecci\u00f3n buscan ser gobernadores con un color de partido y en otra cambian de camiseta para volver a hacerlo pero ya con otros colores.<\/p>\n\n\n\n<p>Cuesta no pensar que el \u00fanico inter\u00e9s que tienen es el beneficio personal, usando como escal\u00f3n al partido que se deje.<\/p>\n\n\n\n<p>Y en Morena es donde se est\u00e1 dando m\u00e1s esta situaci\u00f3n de muchos que piensan, que aunque sean reci\u00e9n conversos tienen el camino abierto para ser gobernadores.<\/p>\n\n\n\n<p>Hasta ahora han levantado la mano para ser candidatos: SUSANA \u00c1NGELES, SIMEY OLVERA, LUIS ENRIQUE CADENA, FRANCISCO XAVIER, y pensando en alianza VICENTE CHARREZ, PASCUAL CHARREZ, con el sello garza pero de Morena LIDIA GARC\u00cdA, y tambi\u00e9n aspira FRANCISCO PATI\u00d1O&#8230; y la lista crece y crece con ABRAHAM MENDOZA que ha hecho poco ruido pero por el cargo y se supone cercan\u00eda con el Presidente poderoso como delegado del bienestar.<\/p>\n\n\n\n<p>Y el que la mayor\u00eda ve como el mejor, es el senador de la Rep\u00fablica, JULIO MENCHACA SALAZAR.<\/p>\n\n\n\n<p>Seguramente crecer\u00e1 m\u00e1s esta lista, porque el inter\u00e9s tiene pies y el mundo est\u00e1 lleno de gente que quiere recoger frutas de \u00e1rboles que no ha sembrado.<\/p>\n\n\n\n<p>Morena tiene posibilidades para la alternancia, y no s\u00e9 ve c\u00f3mo van a frenar a muchos ambiciosos que en una de esas descarrilan el tren moreno.<\/p>\n","protected":false},"excerpt":{"rendered":"<p>EN MORENA, TODOS QUIEREN La lista de suspirantes en Morena para la gubernatura, en lo que consideran inevitable alternancia, crece todos los d\u00edas con nuevos nombres, algunos de ellos francamente hasta rid\u00edculos, pero que dan una idea de lo f\u00e1cil que se les han dado las cosas, para pensar que en ese partido lo importante [&hellip;]<\/p>\n","protected":false},"author":83,"featured_media":0,"comment_status":"closed","ping_status":"closed","sticky":false,"template":"","format":"standard","meta":{"footnotes":""},"categories":[48,42],"tags":[],"class_list":["post-185345","post","type-post","status-publish","format-standard","hentry","category-adalberto-peralta","category-nuestrapalabra"],"_links":{"self":[{"href":"https:\/\/plazajuarez.mx\/historico\/wp-json\/wp\/v2\/posts\/185345","targetHints":{"allow":["GET"]}}],"collection":[{"href":"https:\/\/plazajuarez.mx\/historico\/wp-json\/wp\/v2\/posts"}],"about":[{"href":"https:\/\/plazajuarez.mx\/historico\/wp-json\/wp\/v2\/types\/post"}],"author":[{"embeddable":true,"href":"https:\/\/plazajuarez.mx\/historico\/wp-json\/wp\/v2\/users\/83"}],"replies":[{"embeddable":true,"href":"https:\/\/plazajuarez.mx\/historico\/wp-json\/wp\/v2\/comments?post=185345"}],"version-history":[{"count":0,"href":"https:\/\/plazajuarez.mx\/historico\/wp-json\/wp\/v2\/posts\/185345\/revisions"}],"wp:attachment":[{"href":"https:\/\/plazajuarez.mx\/historico\/wp-json\/wp\/v2\/media?parent=185345"}],"wp:term":[{"taxonomy":"category","embeddable":true,"href":"https:\/\/plazajuarez.mx\/historico\/wp-json\/wp\/v2\/categories?post=185345"},{"taxonomy":"post_tag","embeddable":true,"href":"https:\/\/plazajuarez.mx\/historico\/wp-json\/wp\/v2\/tags?post=185345"}],"curies":[{"name":"wp","href":"https:\/\/api.w.org\/{rel}","templated":true}]}}