{"id":185331,"date":"2021-10-06T15:02:57","date_gmt":"2021-10-06T20:02:57","guid":{"rendered":"https:\/\/plazajuarez.mx\/?p=185331"},"modified":"2021-10-06T15:03:15","modified_gmt":"2021-10-06T20:03:15","slug":"amlo_jovenes","status":"publish","type":"post","link":"https:\/\/plazajuarez.mx\/historico\/amlo_jovenes\/","title":{"rendered":"AMLO aconseja a j\u00f3venes que se alejen de lo material"},"content":{"rendered":"\n<p> El presidente Andr\u00e9s Manuel L\u00f3pez Obrdaor declar\u00f3 que \u201cno cabe duda\u201d que el dinero es \u201cla mam\u00e1 y el pap\u00e1 del diablo\u201d y aconsej\u00f3 a los j\u00f3venes que se alejen lo m\u00e1s que se pueda de lo material.<\/p>\n\n\n\n<p>En su conferencia ma\u00f1anera de este mi\u00e9rcoles en Palacio Nacional, L\u00f3pez Obrador dijo que lo material es una tentaci\u00f3n y no necesariamente significa felicidad &#8220;porque a veces es la perdici\u00f3n&#8221;.<\/p>\n\n\n\n<p>&#8220;La felicidad, no hay que olvidarlo, es estar bien con uno mismo, estar bien con nuestra conciencia y estar bien con el pr\u00f3jimo, esa es la verdadera felicidad. No lo material, el lujo barato, las marcas, \u00a1no, no, no, qu\u00e9 barbaridad! (&#8230;) la ropa, los relojes, de mal gusto.<\/p>\n\n\n\n<p>&#8220;Y que conste, que no estoy en contra de quien con esfuerzo, con trabajo, de conformidad con la ley logran un patrimonio; siempre lo he dicho, merecen respeto porque no todo el que tiene es malvado, pero el lujo, la ostentaci\u00f3n, es de mal gusto, es ofensivo y si nos podemos alejar de eso, mejor&#8221;, expres\u00f3 L\u00f3pez Obrador.<\/p>\n\n\n\n<p>&#8220;No quiere decir que no se busque tener lo necesario, los ingresos que se requieren para educar a los hijos, para que no le falte nada a la familia, pero llega a ser tanta la ambici\u00f3n que el dinero se convierte en un dios y se vuelve un asunto enfermizo&#8221;, agreg\u00f3.<\/p>\n\n\n\n<p>En el Sal\u00f3n Tesorer\u00eda de Palacio Nacional, el presidente se\u00f1al\u00f3 que el mejor consejo &#8220;es mejor la pobreza que la deshonra&#8221;.<\/p>\n\n\n\n<p>&#8220;No hay que ambicionar as\u00ed lo material, el dinero, eso no es la vida, eso no es la felicidad, y no quiere decir que no se tenga para lo b\u00e1sico; se puede tener para la alimentaci\u00f3n y para el vestido y para el transporte y tambi\u00e9n para la distracci\u00f3n y para el disfrute. Pero como dec\u00eda Ju\u00e1rez \u2018la justa median\u00eda&#8221;, refiri\u00f3.<\/p>\n\n\n\n<p>&#8220;Por eso hablo del aspiracionismo; la ropa de marca, las alhajas, los carros \u00faltimos modelos. Y por eso tambi\u00e9n muchos toman el camino de las conductas antisociales por la Cheyenne ap\u00e1&#8221;, declar\u00f3 al criticar una sociedad consumista.<\/p>\n\n\n\n<p><\/p>\n","protected":false},"excerpt":{"rendered":"<p>El presidente Andr\u00e9s Manuel L\u00f3pez Obrdaor declar\u00f3 que \u201cno cabe duda\u201d que el dinero es \u201cla mam\u00e1 y el pap\u00e1 del diablo\u201d y aconsej\u00f3 a los j\u00f3venes que se alejen lo m\u00e1s que se pueda de lo material. En su conferencia ma\u00f1anera de este mi\u00e9rcoles en Palacio Nacional, L\u00f3pez Obrador dijo que lo material es [&hellip;]<\/p>\n","protected":false},"author":81,"featured_media":174461,"comment_status":"closed","ping_status":"closed","sticky":false,"template":"","format":"standard","meta":{"footnotes":""},"categories":[36],"tags":[],"class_list":["post-185331","post","type-post","status-publish","format-standard","has-post-thumbnail","hentry","category-nacion"],"_links":{"self":[{"href":"https:\/\/plazajuarez.mx\/historico\/wp-json\/wp\/v2\/posts\/185331","targetHints":{"allow":["GET"]}}],"collection":[{"href":"https:\/\/plazajuarez.mx\/historico\/wp-json\/wp\/v2\/posts"}],"about":[{"href":"https:\/\/plazajuarez.mx\/historico\/wp-json\/wp\/v2\/types\/post"}],"author":[{"embeddable":true,"href":"https:\/\/plazajuarez.mx\/historico\/wp-json\/wp\/v2\/users\/81"}],"replies":[{"embeddable":true,"href":"https:\/\/plazajuarez.mx\/historico\/wp-json\/wp\/v2\/comments?post=185331"}],"version-history":[{"count":0,"href":"https:\/\/plazajuarez.mx\/historico\/wp-json\/wp\/v2\/posts\/185331\/revisions"}],"wp:featuredmedia":[{"embeddable":true,"href":"https:\/\/plazajuarez.mx\/historico\/wp-json\/wp\/v2\/media\/174461"}],"wp:attachment":[{"href":"https:\/\/plazajuarez.mx\/historico\/wp-json\/wp\/v2\/media?parent=185331"}],"wp:term":[{"taxonomy":"category","embeddable":true,"href":"https:\/\/plazajuarez.mx\/historico\/wp-json\/wp\/v2\/categories?post=185331"},{"taxonomy":"post_tag","embeddable":true,"href":"https:\/\/plazajuarez.mx\/historico\/wp-json\/wp\/v2\/tags?post=185331"}],"curies":[{"name":"wp","href":"https:\/\/api.w.org\/{rel}","templated":true}]}}