{"id":185325,"date":"2021-10-06T14:37:07","date_gmt":"2021-10-06T19:37:07","guid":{"rendered":"https:\/\/plazajuarez.mx\/?p=185325"},"modified":"2021-10-06T14:37:24","modified_gmt":"2021-10-06T19:37:24","slug":"unam_biodiversida","status":"publish","type":"post","link":"https:\/\/plazajuarez.mx\/historico\/unam_biodiversida\/","title":{"rendered":"La UNAM abre su Pabell\u00f3n de Biodiversidad con el apoyo de la Fundaci\u00f3n Slim"},"content":{"rendered":"\n<p>La Universidad Nacional Aut\u00f3noma de M\u00e9xico (UNAM), con el apoyo de la Fundaci\u00f3n Carlos Slim, inaugur\u00f3 este martes el Pabell\u00f3n de la Biodiversidad, un espacio interactivo que incluye \u00e1reas de investigaci\u00f3n y todo el acervo del Instituto de Ciencias Biol\u00f3gicas de la instituci\u00f3n.<\/p>\n\n\n\n<p>\u201cSurgi\u00f3 para dar respuesta a la necesidad de ampliar espacios para albergar colecciones biol\u00f3gicas nacionales\u201d, se\u00f1al\u00f3 Susana Magall\u00f3n, directora del Instituto de Biolog\u00eda de la UNAM, durante un recorrido por el museo.<\/p>\n\n\n\n<p>El objetivo, se\u00f1al\u00f3 la investigadora, es inspirar a los ni\u00f1os y j\u00f3venes a estudiar carreras relacionadas con la conservaci\u00f3n de la biodiversidad y la biolog\u00eda, adem\u00e1s de mostrar la diversidad con la que cuenta el pa\u00eds.<\/p>\n\n\n\n<p>Este espacio, \u00fanico en Am\u00e9rica Latina, conjunta labores de museo y centro de investigaci\u00f3n y alberga m\u00e1s de 130.000 especies en un total de 12.000 metros cuadrados.<\/p>\n\n\n\n<p>\u201cEste edificio es \u00fanico en la UNAM por conjugar activamente acciones de museo e investigaci\u00f3n\u201d, precis\u00f3 Magall\u00f3n.<\/p>\n\n\n\n<p>Explic\u00f3 que, adem\u00e1s de la exhibiciones, tendr\u00e1n \u00e1reas de investigaci\u00f3n que reunir\u00e1n a unos 30 acad\u00e9micos, realizando investigaciones provenientes tanto de la UNAM como de otras instituciones nacionales y extranjeras.<\/p>\n\n\n\n<p>El museo contar\u00e1 con \u00e1reas de investigaci\u00f3n de cuatro colecciones biol\u00f3gicas nacionales: peces, anfibios y reptiles, aves y mam\u00edferos.<\/p>\n\n\n\n<p>Adem\u00e1s, tendr\u00e1 un laboratorio de secuenciaci\u00f3n gen\u00f3mica y biolog\u00eda molecular donde se realizan estudios para obtener el DNA de organismos y sus secuencias, para luego compararlos con otros organismos y as\u00ed conocer relaciones y procesos evolutivos.<\/p>\n\n\n\n<p>Asimismo, contar\u00e1n con colecciones de tejidos congelados y activas sobre maderas, as\u00ed como un taller de investigaci\u00f3n sobre maderas.<\/p>\n\n\n\n<p>El recinto, seg\u00fan explic\u00f3 Daniel Barreto, bi\u00f3logo del Instituto de Biolog\u00eda, ser\u00e1 sede de un archivo con millones de piezas, entre insectos, mariposas y plantas de toda la colecci\u00f3n de la UNAM; igualmente, un archivo hist\u00f3rico con documentos sobre diversidad biol\u00f3gica que van del siglo XIX a la actualidad.<\/p>\n\n\n\n<p>Magall\u00f3n explic\u00f3 que hasta ahora el espacio que ten\u00eda el Instituto de Biolog\u00eda para albergar estas colecciones era insuficiente por lo que este lugar responde a \u201cla necesidad de ampliar espacios para albergar colecciones biol\u00f3gicas nacionales\u201d.<\/p>\n\n\n\n<p>El pabell\u00f3n fue donado a la UNAM por la Fundaci\u00f3n Carlos Slim y, de acuerdo con esta organizaci\u00f3n, tuvo un costo aproximado de entre 200 y 250 millones de pesos (9,7 y 12,1 millones de d\u00f3lares) y se estuvo construyendo durante m\u00e1s de dos a\u00f1os.<\/p>\n\n\n\n<p>\u201cBuscamos albergar la colecci\u00f3n del Instituto de Biolog\u00eda y aprovechando la ubicaci\u00f3n dar a conocer pr\u00e1cticas\u201d en este instituto, se\u00f1al\u00f3 Fernanda Ahumada, encargada de arquitectura de inmuebles de Grupo Carso y encargada del proyecto.<\/p>\n\n\n\n<p>Javier Elguea Sol\u00eds, director de Educaci\u00f3n de la Fundaci\u00f3n Carlos Slim, destac\u00f3 que es un \u201corgullo aliarse con la UNAM en este proyecto de educaci\u00f3n y conservaci\u00f3n del medioambiente\u201d, y apunt\u00f3 que la apertura del recinto se dar\u00e1 a la par de que la UNAM regrese a clases presenciales.<\/p>\n","protected":false},"excerpt":{"rendered":"<p>La Universidad Nacional Aut\u00f3noma de M\u00e9xico (UNAM), con el apoyo de la Fundaci\u00f3n Carlos Slim, inaugur\u00f3 este martes el Pabell\u00f3n de la Biodiversidad, un espacio interactivo que incluye \u00e1reas de investigaci\u00f3n y todo el acervo del Instituto de Ciencias Biol\u00f3gicas de la instituci\u00f3n. \u201cSurgi\u00f3 para dar respuesta a la necesidad de ampliar espacios para albergar [&hellip;]<\/p>\n","protected":false},"author":80,"featured_media":185326,"comment_status":"closed","ping_status":"closed","sticky":false,"template":"","format":"standard","meta":{"footnotes":""},"categories":[36],"tags":[],"class_list":["post-185325","post","type-post","status-publish","format-standard","has-post-thumbnail","hentry","category-nacion"],"_links":{"self":[{"href":"https:\/\/plazajuarez.mx\/historico\/wp-json\/wp\/v2\/posts\/185325","targetHints":{"allow":["GET"]}}],"collection":[{"href":"https:\/\/plazajuarez.mx\/historico\/wp-json\/wp\/v2\/posts"}],"about":[{"href":"https:\/\/plazajuarez.mx\/historico\/wp-json\/wp\/v2\/types\/post"}],"author":[{"embeddable":true,"href":"https:\/\/plazajuarez.mx\/historico\/wp-json\/wp\/v2\/users\/80"}],"replies":[{"embeddable":true,"href":"https:\/\/plazajuarez.mx\/historico\/wp-json\/wp\/v2\/comments?post=185325"}],"version-history":[{"count":0,"href":"https:\/\/plazajuarez.mx\/historico\/wp-json\/wp\/v2\/posts\/185325\/revisions"}],"wp:featuredmedia":[{"embeddable":true,"href":"https:\/\/plazajuarez.mx\/historico\/wp-json\/wp\/v2\/media\/185326"}],"wp:attachment":[{"href":"https:\/\/plazajuarez.mx\/historico\/wp-json\/wp\/v2\/media?parent=185325"}],"wp:term":[{"taxonomy":"category","embeddable":true,"href":"https:\/\/plazajuarez.mx\/historico\/wp-json\/wp\/v2\/categories?post=185325"},{"taxonomy":"post_tag","embeddable":true,"href":"https:\/\/plazajuarez.mx\/historico\/wp-json\/wp\/v2\/tags?post=185325"}],"curies":[{"name":"wp","href":"https:\/\/api.w.org\/{rel}","templated":true}]}}