{"id":185322,"date":"2021-10-06T14:27:40","date_gmt":"2021-10-06T19:27:40","guid":{"rendered":"https:\/\/plazajuarez.mx\/?p=185322"},"modified":"2021-10-06T14:27:51","modified_gmt":"2021-10-06T19:27:51","slug":"migrantes_mexico-2","status":"publish","type":"post","link":"https:\/\/plazajuarez.mx\/historico\/migrantes_mexico-2\/","title":{"rendered":"Cuatro migrantes mueren y 16 resultan heridos en accidente vial en M\u00e9xico"},"content":{"rendered":"\n<p>Un total de 4 migrantes fallecieron calcinados y 16 m\u00e1s resultaron heridos en un accidente automovil\u00edstico en Veracruz, en el este de M\u00e9xico, seg\u00fan informaron este mi\u00e9rcoles fuentes oficiales.<\/p>\n\n\n\n<p>Fuentes policiales reportaron que una camioneta se volc\u00f3 y posteriormente se incendi\u00f3 en la noche del martes en el sur del oriental estado de Veracruz, una regi\u00f3n de paso obligado para miles de migrantes que buscan llegar a Estados Unidos.<\/p>\n\n\n\n<p>El accidente carretero se suscit\u00f3 en el tramo Nuevo Teapa-Cosoleacaque, a la altura de la comunidad Chapopotla del municipio de Moloac\u00e1n.<\/p>\n\n\n\n<p>La camioneta se volc\u00f3 con los pasajeros dentro y se incendi\u00f3, por lo que 4 migrantes, que seg\u00fan los supervivientes ser\u00edan centroamericanos, murieron calcinados.<\/p>\n\n\n\n<p>Otros 16 extranjeros -en su mayor\u00eda hondure\u00f1os, salvadore\u00f1os y guatemaltecos- sufrieron lesiones que requirieron hospitalizaci\u00f3n en municipios cercanos.<\/p>\n\n\n\n<p>A la zona acudieron miembros de la Guardia Nacional, el Ej\u00e9rcito mexicano y autoridades civiles, quienes atendieron a los heridos.<\/p>\n\n\n\n<p>Por su situaci\u00f3n geogr\u00e1fica, Veracruz es hist\u00f3ricamente paso obligado de migrantes, en su mayor\u00eda centroamericanos que buscan llegar a EE.UU., aunque en los \u00faltimos meses aument\u00f3 el n\u00famero de haitianos que tambi\u00e9n buscan llegar a la frontera norte de M\u00e9xico.<\/p>\n\n\n\n<p>En esta regi\u00f3n operan al menos tres c\u00e1rteles de la droga, por lo que se reportan altos niveles de inseguridad.<\/p>\n\n\n\n<p>M\u00e9xico registra en los \u00faltimos meses un flujo migratorio hist\u00f3rico con 147.000 indocumentados detectados en el pa\u00eds de enero a agosto, el triple de 2020, y un r\u00e9cord de 212.000 indocumentados detenidos solo en julio por la Oficina de Aduanas y Protecci\u00f3n Fronteriza (CBP, en ingl\u00e9s) de Estados Unidos.<\/p>\n\n\n\n<p>Apenas este martes, un total de 103 migrantes centroamericanos, entre ellos 38 menores, fueron detenidos por agentes del Instituto Nacional de Migraci\u00f3n (INM) de M\u00e9xico en un punto de control del estado de Tabasco, sureste del pa\u00eds, seg\u00fan inform\u00f3 la propia instituci\u00f3n migratoria.<\/p>\n","protected":false},"excerpt":{"rendered":"<p>Un total de 4 migrantes fallecieron calcinados y 16 m\u00e1s resultaron heridos en un accidente automovil\u00edstico en Veracruz, en el este de M\u00e9xico, seg\u00fan informaron este mi\u00e9rcoles fuentes oficiales. Fuentes policiales reportaron que una camioneta se volc\u00f3 y posteriormente se incendi\u00f3 en la noche del martes en el sur del oriental estado de Veracruz, una [&hellip;]<\/p>\n","protected":false},"author":80,"featured_media":185323,"comment_status":"closed","ping_status":"closed","sticky":false,"template":"","format":"standard","meta":{"footnotes":""},"categories":[36],"tags":[],"class_list":["post-185322","post","type-post","status-publish","format-standard","has-post-thumbnail","hentry","category-nacion"],"_links":{"self":[{"href":"https:\/\/plazajuarez.mx\/historico\/wp-json\/wp\/v2\/posts\/185322","targetHints":{"allow":["GET"]}}],"collection":[{"href":"https:\/\/plazajuarez.mx\/historico\/wp-json\/wp\/v2\/posts"}],"about":[{"href":"https:\/\/plazajuarez.mx\/historico\/wp-json\/wp\/v2\/types\/post"}],"author":[{"embeddable":true,"href":"https:\/\/plazajuarez.mx\/historico\/wp-json\/wp\/v2\/users\/80"}],"replies":[{"embeddable":true,"href":"https:\/\/plazajuarez.mx\/historico\/wp-json\/wp\/v2\/comments?post=185322"}],"version-history":[{"count":0,"href":"https:\/\/plazajuarez.mx\/historico\/wp-json\/wp\/v2\/posts\/185322\/revisions"}],"wp:featuredmedia":[{"embeddable":true,"href":"https:\/\/plazajuarez.mx\/historico\/wp-json\/wp\/v2\/media\/185323"}],"wp:attachment":[{"href":"https:\/\/plazajuarez.mx\/historico\/wp-json\/wp\/v2\/media?parent=185322"}],"wp:term":[{"taxonomy":"category","embeddable":true,"href":"https:\/\/plazajuarez.mx\/historico\/wp-json\/wp\/v2\/categories?post=185322"},{"taxonomy":"post_tag","embeddable":true,"href":"https:\/\/plazajuarez.mx\/historico\/wp-json\/wp\/v2\/tags?post=185322"}],"curies":[{"name":"wp","href":"https:\/\/api.w.org\/{rel}","templated":true}]}}