{"id":185319,"date":"2021-10-06T14:23:17","date_gmt":"2021-10-06T19:23:17","guid":{"rendered":"https:\/\/plazajuarez.mx\/?p=185319"},"modified":"2021-10-06T14:23:29","modified_gmt":"2021-10-06T19:23:29","slug":"chivas_separa","status":"publish","type":"post","link":"https:\/\/plazajuarez.mx\/historico\/chivas_separa\/","title":{"rendered":"Chivas separa a dos futbolistas por indisciplina"},"content":{"rendered":"\n<p>Las Chivas informaron que dos de sus futbolistas del equipo femenil fueron separadas del primer equipo y no ser\u00e1n tomadas en cuenta para los siguientes dos partidos del equipo debido a que \u2018incumplieron\u2019 con \u2018algunos lineamientos establecidos\u2019 del reglamento interno del Club Guadalajara, as\u00ed que entrenar\u00e1n con la Sub-17.<\/p>\n\n\n\n<p>Se trata de las futbolistas Rub\u00ed Soto y Carolina Jaramillo de acuerdo a la informaci\u00f3n que brind\u00f3 el Reba\u00f1o, &#8220;El Club Deportivo Guadalajara informa que Rub\u00ed Soto y Carolina Jaramillo no ser\u00e1n consideradas para los partidos contra Am\u00e9rica y Tigres de las Jornadas 12 y 13 respectivamente, al haber incumplido con algunos lineamientos establecidos en nuestros reglamentos internos. Ambas jugadoras entrenar\u00e1n algunos d\u00edas con el equipo Sub 17 de nuestras Fuerzas B\u00e1sicas Femeniles&#8221;, informaron en un comunicado.<\/p>\n\n\n\n<p>El equipo que dirige Edgar Mej\u00eda tendr\u00e1 dos bajas sensibles de cara a los siguientes compromisos de la Liga MX Femenil en los que enfrentar\u00e1n al Am\u00e9rica y a Tigres. Actualmente el equipo rojiblanco femenil se ubica en la tercera posici\u00f3n del torneo con 25 unidades.<\/p>\n","protected":false},"excerpt":{"rendered":"<p>Las Chivas informaron que dos de sus futbolistas del equipo femenil fueron separadas del primer equipo y no ser\u00e1n tomadas en cuenta para los siguientes dos partidos del equipo debido a que \u2018incumplieron\u2019 con \u2018algunos lineamientos establecidos\u2019 del reglamento interno del Club Guadalajara, as\u00ed que entrenar\u00e1n con la Sub-17. Se trata de las futbolistas Rub\u00ed [&hellip;]<\/p>\n","protected":false},"author":81,"featured_media":185320,"comment_status":"closed","ping_status":"closed","sticky":false,"template":"","format":"standard","meta":{"footnotes":""},"categories":[39],"tags":[],"class_list":["post-185319","post","type-post","status-publish","format-standard","has-post-thumbnail","hentry","category-deportiva"],"_links":{"self":[{"href":"https:\/\/plazajuarez.mx\/historico\/wp-json\/wp\/v2\/posts\/185319","targetHints":{"allow":["GET"]}}],"collection":[{"href":"https:\/\/plazajuarez.mx\/historico\/wp-json\/wp\/v2\/posts"}],"about":[{"href":"https:\/\/plazajuarez.mx\/historico\/wp-json\/wp\/v2\/types\/post"}],"author":[{"embeddable":true,"href":"https:\/\/plazajuarez.mx\/historico\/wp-json\/wp\/v2\/users\/81"}],"replies":[{"embeddable":true,"href":"https:\/\/plazajuarez.mx\/historico\/wp-json\/wp\/v2\/comments?post=185319"}],"version-history":[{"count":0,"href":"https:\/\/plazajuarez.mx\/historico\/wp-json\/wp\/v2\/posts\/185319\/revisions"}],"wp:featuredmedia":[{"embeddable":true,"href":"https:\/\/plazajuarez.mx\/historico\/wp-json\/wp\/v2\/media\/185320"}],"wp:attachment":[{"href":"https:\/\/plazajuarez.mx\/historico\/wp-json\/wp\/v2\/media?parent=185319"}],"wp:term":[{"taxonomy":"category","embeddable":true,"href":"https:\/\/plazajuarez.mx\/historico\/wp-json\/wp\/v2\/categories?post=185319"},{"taxonomy":"post_tag","embeddable":true,"href":"https:\/\/plazajuarez.mx\/historico\/wp-json\/wp\/v2\/tags?post=185319"}],"curies":[{"name":"wp","href":"https:\/\/api.w.org\/{rel}","templated":true}]}}