{"id":185317,"date":"2021-10-06T14:17:05","date_gmt":"2021-10-06T19:17:05","guid":{"rendered":"https:\/\/plazajuarez.mx\/?p=185317"},"modified":"2021-10-06T14:25:34","modified_gmt":"2021-10-06T19:25:34","slug":"feria_libr","status":"publish","type":"post","link":"https:\/\/plazajuarez.mx\/historico\/feria_libr\/","title":{"rendered":"CDMX anuncia regreso de Feria Internacional del Libro al Z\u00f3calo"},"content":{"rendered":"\n<p>La jefa de Gobierno de la Ciudad de M\u00e9xico, Claudia Sheinbaum Pardo, present\u00f3 la edici\u00f3n 21 de la Feria Internacional del Libro en el Z\u00f3calo que se llevar\u00e1 a cabo del 8 al 17 de octubre en la Plaza de la Constituci\u00f3n.<\/p>\n\n\n\n<p>En esta edici\u00f3n participar\u00e1n 340 casas editoriales, de las cuales, 117 son independientes. Y se distribuir\u00e1n al p\u00fablico alrededor de 9 mil ejemplares gratuitos.<\/p>\n\n\n\n<p>Asimismo, estar\u00e1n presentes de manera virtual y presencial 250 autores.<\/p>\n\n\n\n<p>Durante la FILZ se llevar\u00e1n a cabo tres foros, adem\u00e1s se har\u00e1n homenajes a Antonio Helguera, Francisco G. Haghenbeck, Enrique Gonz\u00e1lez Rojo y a Jacinto Barrera Bassols.<\/p>\n\n\n\n<p>La titular de la Secretar\u00eda de Cultura local, Vannesa Boh\u00f3rquez L\u00f3pez, destac\u00f3 que, tras la pandemia por Covid-19 la Feria regresa de manera presencial, pues la capital est\u00e1 en condiciones tras el proceso de vacunaci\u00f3n y la disminuci\u00f3n de casos.<\/p>\n\n\n\n<p>Refiri\u00f3 que la vig\u00e9sima primera edici\u00f3n de la Feria del libro, es un espacio para fomentar la lectura, el reencuentro, es un espacio para acercarse a los libros.<\/p>\n\n\n\n<p>Paloma S\u00e1enz Tejero, directora de la FILZ destac\u00f3 que esta feria est\u00e1 dedicada a la gente, pues no tiene barrera para que las personas que llegan al Z\u00f3calo se acerquen a los libros, a los autores, a las presentaciones de libros, charlas, conferencias y conciertos.<\/p>\n\n\n\n<p>Refiri\u00f3 que pese a que no se sab\u00eda cu\u00e1l iba a ser la situaci\u00f3n de la pandemia, la Feria ha sido apresurada, no obstante, contar\u00e1 con grandes expositores y tendr\u00e1 muy buena calidad.<\/p>\n\n\n\n<p>Resalt\u00f3 que se cuidar\u00e1n las medidas sanitarias y que este evento ser\u00e1 el parteaguas para regresar a los eventos masivos en el Z\u00f3calo.<\/p>\n\n\n\n<p>S\u00e1enz Tejero coment\u00f3 que el 80% de las actividades ser\u00e1n presenciales, el resto ser\u00e1 virtual e h\u00edbrida y se transmitir\u00e1n todas las por redes sociales en las cuentas de la Secretar\u00eda de Cultura de la Ciudad de M\u00e9xico y de la Feria Internacional del Libro en el Z\u00f3calo.<\/p>\n\n\n\n<p>Por su parte, Sheinbaum Pardo expuso que la celebraci\u00f3n de esta Feria tiene la caracter\u00edstica de que se trata de una feria popular, con acceso a todas las personas.<\/p>\n\n\n\n<p>Indic\u00f3 que es un momento importante para la Ciudad, pues va saliendo de la pandemia por Covid-19, por lo que la gente necesita felicidad.<\/p>\n\n\n\n<p>&#8211;CDMX va por reanudar los eventos masivos<\/p>\n\n\n\n<p>La jefa de Gobierno de la Ciudad de M\u00e9xico, Claudia Sheinbaum, dijo que, a partir de este mes y hasta diciembre, se comenzar\u00e1 con la organizaci\u00f3n de eventos masivos, lo que ayudar\u00e1 en la reactivaci\u00f3n de la econom\u00eda.<\/p>\n\n\n\n<p>&#8220;A partir de este mes de octubre, y sobre todo a noviembre y diciembre, iniciamos con los grandes eventos masivos en la Ciudad de M\u00e9xico, eso lo podemos hacer gracias a que tenemos vacunada, por lo menos con una dosis, a todos los adultos de 18 a\u00f1os y m\u00e1s&#8221;, expres\u00f3.<\/p>\n\n\n\n<p>En ese sentido, tambi\u00e9n celebr\u00f3 el incremento de empleos formales que se registraron en septiembre pasado, al recuperarse un total de 25 mil trabajos. Asegur\u00f3 que es un cambio en la tendencia y que lleva cerca de cuatro meses con un incremento.<\/p>\n\n\n\n<p>En el marco de la presentaci\u00f3n oficial de la Ciudad de M\u00e9xico como sede del Tianguis Tur\u00edstico 2023, Sheinbaum Pardo mencion\u00f3 que para 2022 se tiene una campa\u00f1a dedicada a promover el turismo en la capital.<\/p>\n\n\n\n<p>El secretario de Turismo federal, Miguel Torruco, explic\u00f3 que el Tianguis Tur\u00edstico se realizar\u00e1 por primera vez en la Ciudad, del 30 de abril al 10 de mayo de 2023, y se espera recibir a 15 mil asistentes de 70 naciones, adem\u00e1s de m\u00e1s de 3 mil compradores.<\/p>\n\n\n\n<p>Se prev\u00e9 una derrama econ\u00f3mica de mil 740 millones de pesos, y se estima que la Ciudad invertir\u00e1 entre 50 y 60 millones de pesos, lo que representa s\u00f3lo 5% de la derrama generada por el evento.<\/p>\n","protected":false},"excerpt":{"rendered":"<p>La jefa de Gobierno de la Ciudad de M\u00e9xico, Claudia Sheinbaum Pardo, present\u00f3 la edici\u00f3n 21 de la Feria Internacional del Libro en el Z\u00f3calo que se llevar\u00e1 a cabo del 8 al 17 de octubre en la Plaza de la Constituci\u00f3n. En esta edici\u00f3n participar\u00e1n 340 casas editoriales, de las cuales, 117 son independientes. [&hellip;]<\/p>\n","protected":false},"author":81,"featured_media":181492,"comment_status":"closed","ping_status":"closed","sticky":false,"template":"","format":"standard","meta":{"footnotes":""},"categories":[2160],"tags":[],"class_list":["post-185317","post","type-post","status-publish","format-standard","has-post-thumbnail","hentry","category-noticias-de-la-ciudad-de-mexico"],"_links":{"self":[{"href":"https:\/\/plazajuarez.mx\/historico\/wp-json\/wp\/v2\/posts\/185317","targetHints":{"allow":["GET"]}}],"collection":[{"href":"https:\/\/plazajuarez.mx\/historico\/wp-json\/wp\/v2\/posts"}],"about":[{"href":"https:\/\/plazajuarez.mx\/historico\/wp-json\/wp\/v2\/types\/post"}],"author":[{"embeddable":true,"href":"https:\/\/plazajuarez.mx\/historico\/wp-json\/wp\/v2\/users\/81"}],"replies":[{"embeddable":true,"href":"https:\/\/plazajuarez.mx\/historico\/wp-json\/wp\/v2\/comments?post=185317"}],"version-history":[{"count":0,"href":"https:\/\/plazajuarez.mx\/historico\/wp-json\/wp\/v2\/posts\/185317\/revisions"}],"wp:featuredmedia":[{"embeddable":true,"href":"https:\/\/plazajuarez.mx\/historico\/wp-json\/wp\/v2\/media\/181492"}],"wp:attachment":[{"href":"https:\/\/plazajuarez.mx\/historico\/wp-json\/wp\/v2\/media?parent=185317"}],"wp:term":[{"taxonomy":"category","embeddable":true,"href":"https:\/\/plazajuarez.mx\/historico\/wp-json\/wp\/v2\/categories?post=185317"},{"taxonomy":"post_tag","embeddable":true,"href":"https:\/\/plazajuarez.mx\/historico\/wp-json\/wp\/v2\/tags?post=185317"}],"curies":[{"name":"wp","href":"https:\/\/api.w.org\/{rel}","templated":true}]}}