{"id":185210,"date":"2021-10-05T15:28:13","date_gmt":"2021-10-05T20:28:13","guid":{"rendered":"https:\/\/plazajuarez.mx\/?p=185210"},"modified":"2021-10-05T15:28:26","modified_gmt":"2021-10-05T20:28:26","slug":"festival_cine","status":"publish","type":"post","link":"https:\/\/plazajuarez.mx\/historico\/festival_cine\/","title":{"rendered":"Leos Carax y Jason Reitman estar\u00e1n presentes en Festival de Cine de Morelia"},"content":{"rendered":"\n<p>El galardonado director franc\u00e9s Leos Carax y el dos veces nominado al \u00d3scar Jason Reitman encabezan el regreso presencial del Festival Internacional de Cine de Morelia en su edici\u00f3n n\u00famero 19, que sin embargo mantendr\u00e1 actividades virtuales.<\/p>\n\n\n\n<p>\u201cHa sido un gran triunfo que (Carax) venga, es un realizador conocido por guardar su privacidad y estamos contentos de presentar su retrospectiva. \u00c9l estar\u00e1 al final de cada una de sus pel\u00edculas para contestar las preguntas de los espectadores\u201d, asegur\u00f3 Daniela Michel, directora del festival, este martes en conferencia de prensa en la Ciudad de M\u00e9xico.<\/p>\n\n\n\n<p>Carax, ser\u00e1 el encargado de inaugurar el encuentro cinematogr\u00e1fico el 27 de octubre con su pel\u00edcula \u201cAnnette\u201d, filme que tambi\u00e9n dio inicio al Festival de Cannes este 2021 y adem\u00e1s ser\u00e1 presentado en su honor una retrospectiva de su trabajo.<\/p>\n\n\n\n<p>Reitman, el director de filmes como \u201cJuno\u201d (2007) y \u201cTully\u201d (2011),&nbsp; se encargar\u00e1 de cerrar los seis d\u00edas de celebraci\u00f3n del cine con la pel\u00edcula \u201cGhostbusters: Afterlife\u201d.<\/p>\n\n\n\n<p>El encuentro que se llevar\u00e1 a cabo del 27 de octubre al 1 de noviembre, tambi\u00e9n contar\u00e1 con la presencia del cineasta Lorenzo Vigas, quien presentar\u00e1 su filme \u201cLa caja\u201d, la realizadora belga-rumana Teodora Mihai, presentando su m\u00e1s reciente trabajo \u201cLa civil\u201d, y Tatiana Huezo con la pel\u00edcula \u201cNoche de fuego\u201d, entre otros.<\/p>\n\n\n\n<p>Pero en su versi\u00f3n virtual, el FICM contar\u00e1 con la participaci\u00f3n de creadores como el director tailand\u00e9s Lee Chatametikool, quien presentar\u00e1 su pel\u00edcula \u201cMemoria\u201d, protagonizada por Tilda Swinton, y el director mexicano Michel Franco presentar\u00e1 a distancia su filme \u201cSundown\u201d, pel\u00edcula que lo llev\u00f3 a la Mostra de Venecia este a\u00f1o.<\/p>\n\n\n\n<p>La directora tambi\u00e9n asegur\u00f3 que a\u00fan se est\u00e1n estructurando los eventos presenciales y no descart\u00f3 la posibilidad de llevar a cabo diversas conferencias o conversatorios entre las personalidades que asistir\u00e1n al festival, entre los que tambi\u00e9n se encuentra el director alem\u00e1n Volker&nbsp;Schl\u00f6ndorff , quien estar\u00e1 presente como jurado de la competencia.<\/p>\n\n\n\n<p>DIVERSIDAD DE TEMAS E INCLUSI\u00d3N<\/p>\n\n\n\n<p>El festival reiter\u00f3 su inter\u00e9s por ser un impulso para muchos creadores y anunci\u00f3 la responsabilidad que tienen en torno a la inclusi\u00f3n en temas como la visi\u00f3n femenina en el cine, la migraci\u00f3n y el impulso al cine realizado por creadores ind\u00edgenas.<\/p>\n\n\n\n<p>\u201cEste a\u00f1o se inscribieron 702 trabajos y 25 % fueron de mujeres, pero en la selecci\u00f3n final tenemos un componente de 40 % de realizadoras mexicanas. Afortunadamente tenemos una gran diversidad de programa, nunca se ve un tema m\u00e1s importante que otro, parte de la riqueza es que hay una diversidad en M\u00e9xico de voces\u201d, contest\u00f3 a Efe Michel.<\/p>\n\n\n\n<p>Este 2021 fueron seleccionadas 99 pel\u00edculas mexicanas que estar\u00e1n en competencia, de ellas 13 son trabajos de Michoac\u00e1n -esto para dar un apoyo especial al estado que aloja el evento- adem\u00e1s de 65 cortometrajes, 11 largometrajes documentales y 10 de ficci\u00f3n.<\/p>\n\n\n\n<p>Entre estos t\u00edtulos destacan \u201cUna pel\u00edcula de polic\u00edas\u201d, del director Alonso Ruizpalacios, en la categor\u00eda de largometraje de ficci\u00f3n mexicano, mientras que entre los documentales uno de los m\u00e1s esperados es \u201cCartas a distancia\u201d, de Juan Carlos Rulfo.<\/p>\n\n\n\n<p>El FICM tendr\u00e1 funciones presenciales en la ciudad de Morelia, capital del occidental estado de Michoac\u00e1n, y funciones virtuales gratuitas a trav\u00e9s de las plataformas Cin\u00e9polis Klic, FilminLatino y Canal 22.<\/p>\n","protected":false},"excerpt":{"rendered":"<p>El galardonado director franc\u00e9s Leos Carax y el dos veces nominado al \u00d3scar Jason Reitman encabezan el regreso presencial del Festival Internacional de Cine de Morelia en su edici\u00f3n n\u00famero 19, que sin embargo mantendr\u00e1 actividades virtuales. \u201cHa sido un gran triunfo que (Carax) venga, es un realizador conocido por guardar su privacidad y estamos [&hellip;]<\/p>\n","protected":false},"author":80,"featured_media":185212,"comment_status":"closed","ping_status":"closed","sticky":false,"template":"","format":"standard","meta":{"footnotes":""},"categories":[41],"tags":[],"class_list":["post-185210","post","type-post","status-publish","format-standard","has-post-thumbnail","hentry","category-arteria-cultural"],"_links":{"self":[{"href":"https:\/\/plazajuarez.mx\/historico\/wp-json\/wp\/v2\/posts\/185210","targetHints":{"allow":["GET"]}}],"collection":[{"href":"https:\/\/plazajuarez.mx\/historico\/wp-json\/wp\/v2\/posts"}],"about":[{"href":"https:\/\/plazajuarez.mx\/historico\/wp-json\/wp\/v2\/types\/post"}],"author":[{"embeddable":true,"href":"https:\/\/plazajuarez.mx\/historico\/wp-json\/wp\/v2\/users\/80"}],"replies":[{"embeddable":true,"href":"https:\/\/plazajuarez.mx\/historico\/wp-json\/wp\/v2\/comments?post=185210"}],"version-history":[{"count":0,"href":"https:\/\/plazajuarez.mx\/historico\/wp-json\/wp\/v2\/posts\/185210\/revisions"}],"wp:featuredmedia":[{"embeddable":true,"href":"https:\/\/plazajuarez.mx\/historico\/wp-json\/wp\/v2\/media\/185212"}],"wp:attachment":[{"href":"https:\/\/plazajuarez.mx\/historico\/wp-json\/wp\/v2\/media?parent=185210"}],"wp:term":[{"taxonomy":"category","embeddable":true,"href":"https:\/\/plazajuarez.mx\/historico\/wp-json\/wp\/v2\/categories?post=185210"},{"taxonomy":"post_tag","embeddable":true,"href":"https:\/\/plazajuarez.mx\/historico\/wp-json\/wp\/v2\/tags?post=185210"}],"curies":[{"name":"wp","href":"https:\/\/api.w.org\/{rel}","templated":true}]}}