{"id":185207,"date":"2021-10-05T13:55:29","date_gmt":"2021-10-05T18:55:29","guid":{"rendered":"https:\/\/plazajuarez.mx\/?p=185207"},"modified":"2021-10-05T13:55:39","modified_gmt":"2021-10-05T18:55:39","slug":"reforma_electrica","status":"publish","type":"post","link":"https:\/\/plazajuarez.mx\/historico\/reforma_electrica\/","title":{"rendered":"Patronal mexicana pide al Congreso frenar reforma el\u00e9ctrica de L\u00f3pez Obrador"},"content":{"rendered":"\n<p>El Consejo Coordinador Empresarial (CCE), c\u00fapula empresarial mexicana, pidi\u00f3 este martes al Congreso frenar la reforma constitucional impulsada por el presidente Andr\u00e9s Manuel L\u00f3pez Obrador para que el sector p\u00fablico concentre el mercado el\u00e9ctrico.<\/p>\n\n\n\n<p>&#8220;Es muy importante que los legisladores lo tomen en cuenta con altura de miras, no solamente como un compromiso pol\u00edtico, sino cu\u00e1les son las consecuencias importantes para nuestro pa\u00eds&#8221;, avis\u00f3 en rueda de prensa virtual el presidente del CCE, Carlos Salazar.<\/p>\n\n\n\n<p>L\u00f3pez Obrador envi\u00f3 el pasado jueves al Congreso su iniciativa de reforma constitucional para establecer que la empresa estatal Comisi\u00f3n Federal de Electricidad (CFE) tenga el 54 % del mercado de generaci\u00f3n en el pa\u00eds, regular contratos con empresas privadas y suprimir los reguladores aut\u00f3nomos.<\/p>\n\n\n\n<p>Pero la coalici\u00f3n oficialista, liderada por el Movimiento Regeneraci\u00f3n Nacional (Morena), no ostenta la mayor\u00eda calificada de dos terceras partes del Congreso para aprobar reformas constitucionales, por lo que necesita a la oposici\u00f3n.<\/p>\n\n\n\n<p>Salazar critic\u00f3 que la reforma no define las reglas de entrega de electricidad, de precios ni de reguladores aut\u00f3nomos, con lo que va &#8220;en contra de los compromisos tomados con inversionistas en el pasado&#8221;.<\/p>\n\n\n\n<p>&#8220;No se puede aplicar una ley en retroactiva. Los contratos se firmaron en funci\u00f3n de cierta normativa, cambiarlos o cancelarlos evidentemente va a acabar siendo discutido en el Poder Judicial&#8221;, advirti\u00f3.<\/p>\n\n\n\n<p>A diferencia de lo que sostiene el Gobierno, el l\u00edder de los empresarios opin\u00f3 que la propuesta de reforma &#8220;resulta violatoria&#8221; del tratado comercial de M\u00e9xico, Estados Unidos y Canad\u00e1 (T-MEC), puesto que debe dar a los inversores de esos pa\u00edses un trato &#8220;acorde con el derecho internacional&#8221;.<\/p>\n\n\n\n<p>Asimismo, asegur\u00f3 que al ser m\u00e1s antiguas y menos eficientes las plantas de la CFE, los mexicanos &#8220;pagar\u00e1n m\u00e1s&#8221; en la tarifa de la luz porque subir\u00e1n los costos de generaci\u00f3n.<\/p>\n\n\n\n<p>Tambi\u00e9n se favorecer\u00e1 la producci\u00f3n de electricidad a partir de combust\u00f3leo en plantas de la CFE en detrimento de plantas privadas de energ\u00edas renovables, lo que acabar\u00e1 &#8220;incrementando las emisiones de carbono&#8221; en M\u00e9xico, vulnerando &#8220;convenios extranjeros, pero tambi\u00e9n nacionales&#8221;.<\/p>\n\n\n\n<p>Por ello, Salazar pidi\u00f3 al Partido Verde Ecologista de M\u00e9xico (PVEM), que forma parte de la coalici\u00f3n que apoya a L\u00f3pez Obrador, comprobar si la reforma afecta a su &#8220;vocaci\u00f3n&#8221; medioambiental.<\/p>\n\n\n\n<p>Y a partidos como el Revolucionario Institucional (PRI), que impuls\u00f3 en 2013 con el presidente Enrique Pe\u00f1a Nieto, la apertura del sector a la inversi\u00f3n privada, que mantengan la &#8220;visi\u00f3n que tuvieron en ese momento&#8221;.<\/p>\n\n\n\n<p>El presidente L\u00f3pez Obrador defendi\u00f3 este martes su reforma y dijo evitar\u00e1 que &#8220;haya aumentos en el precio de la energ\u00eda el\u00e9ctrica&#8221; y presion\u00f3 al PRI para que vote a favor.<\/p>\n","protected":false},"excerpt":{"rendered":"<p>El Consejo Coordinador Empresarial (CCE), c\u00fapula empresarial mexicana, pidi\u00f3 este martes al Congreso frenar la reforma constitucional impulsada por el presidente Andr\u00e9s Manuel L\u00f3pez Obrador para que el sector p\u00fablico concentre el mercado el\u00e9ctrico. &#8220;Es muy importante que los legisladores lo tomen en cuenta con altura de miras, no solamente como un compromiso pol\u00edtico, sino [&hellip;]<\/p>\n","protected":false},"author":80,"featured_media":185208,"comment_status":"closed","ping_status":"closed","sticky":false,"template":"","format":"standard","meta":{"footnotes":""},"categories":[36],"tags":[],"class_list":["post-185207","post","type-post","status-publish","format-standard","has-post-thumbnail","hentry","category-nacion"],"_links":{"self":[{"href":"https:\/\/plazajuarez.mx\/historico\/wp-json\/wp\/v2\/posts\/185207","targetHints":{"allow":["GET"]}}],"collection":[{"href":"https:\/\/plazajuarez.mx\/historico\/wp-json\/wp\/v2\/posts"}],"about":[{"href":"https:\/\/plazajuarez.mx\/historico\/wp-json\/wp\/v2\/types\/post"}],"author":[{"embeddable":true,"href":"https:\/\/plazajuarez.mx\/historico\/wp-json\/wp\/v2\/users\/80"}],"replies":[{"embeddable":true,"href":"https:\/\/plazajuarez.mx\/historico\/wp-json\/wp\/v2\/comments?post=185207"}],"version-history":[{"count":0,"href":"https:\/\/plazajuarez.mx\/historico\/wp-json\/wp\/v2\/posts\/185207\/revisions"}],"wp:featuredmedia":[{"embeddable":true,"href":"https:\/\/plazajuarez.mx\/historico\/wp-json\/wp\/v2\/media\/185208"}],"wp:attachment":[{"href":"https:\/\/plazajuarez.mx\/historico\/wp-json\/wp\/v2\/media?parent=185207"}],"wp:term":[{"taxonomy":"category","embeddable":true,"href":"https:\/\/plazajuarez.mx\/historico\/wp-json\/wp\/v2\/categories?post=185207"},{"taxonomy":"post_tag","embeddable":true,"href":"https:\/\/plazajuarez.mx\/historico\/wp-json\/wp\/v2\/tags?post=185207"}],"curies":[{"name":"wp","href":"https:\/\/api.w.org\/{rel}","templated":true}]}}