{"id":185199,"date":"2021-10-05T13:44:02","date_gmt":"2021-10-05T18:44:02","guid":{"rendered":"https:\/\/plazajuarez.mx\/?p=185199"},"modified":"2021-10-05T13:44:12","modified_gmt":"2021-10-05T18:44:12","slug":"pan_senado","status":"publish","type":"post","link":"https:\/\/plazajuarez.mx\/historico\/pan_senado\/","title":{"rendered":"PAN en Senado responsabiliza a AMLO de amenazas a T\u00e9llez"},"content":{"rendered":"\n<p>La bancada del PAN en el Senado de la Rep\u00fablica responsabiliz\u00f3 al presidente Andr\u00e9s Manuel L\u00f3pez Obrador de la seguridad y de las amenazas en redes sociales contra la senadora Lilly T\u00e9llez.<\/p>\n\n\n\n<p>En el marco de la sesi\u00f3n ordinaria y un debate respecto a este tema y la declinaci\u00f3n del titular del Ejecutivo Federal a la ceremonia de entrega de la Medalla Belisario Dom\u00ednguez, el coordinador del PAN, Julen Rementeria apunt\u00f3: &#8220;Queremos hacerlo responsable a \u00e9l de la seguridad de Lily T\u00e9llez, hay amenazas y no son menores&#8221;.<\/p>\n\n\n\n<p>&#8220;Todo este cumulo de seguidores que rayan en el fanatismo que pueden afectar a ella y su familia. Basta de polarizar al pa\u00eds&#8221;, dijo desde su esca\u00f1o.<\/p>\n\n\n\n<p>Por su parte, la vicecoordinadora del PAN, Kenia L\u00f3pez Rabad\u00e1n, dijo que quien ha rebajado el debate en el pa\u00eds ha sido el propio Presidente de la Rep\u00fablica con sus frases simplonas, con la estigmatizaci\u00f3n y descalificaci\u00f3n diaria que hace en las ma\u00f1aneras.<\/p>\n\n\n\n<p>&#8220;Todos queremos a un presidente que no divida o estigmatice. Hoy el PAN dando un mensaje claro, responsabilizamos al presidente L\u00f3pez Obrador por la seguridad de Lily T\u00e9llez y su familia, \u00e9l ha generado esta violencia, las amenazas en las redes sociales&#8221;, indic\u00f3 en tribuna.<\/p>\n\n\n\n<p>Record\u00f3 que los entonces presidentes Felipe Calder\u00f3n y Enrique Pe\u00f1a Nieto asistieron a la ceremonia de la Belisario Dom\u00ednguez a pesar de las cr\u00edticas, ofensas y manifestaciones de quienes hoy conforman el Gobierno de la Cuarta Transformaci\u00f3n.<\/p>\n\n\n\n<p>Sin embargo, dijo que no est\u00e1 a discusi\u00f3n si quiere o no venir al Senado, si desde\u00f1a a esta instancia, a la mayor\u00eda en Morena, a los que les van a entregar este reconocimiento. &#8220;Si le tiene miedo a una pancarta o a una manifestaci\u00f3n que pena, sobre todo de quien tom\u00f3 pozos petroleros o cerro la avenida Reforma&#8221;.<\/p>\n","protected":false},"excerpt":{"rendered":"<p>La bancada del PAN en el Senado de la Rep\u00fablica responsabiliz\u00f3 al presidente Andr\u00e9s Manuel L\u00f3pez Obrador de la seguridad y de las amenazas en redes sociales contra la senadora Lilly T\u00e9llez. En el marco de la sesi\u00f3n ordinaria y un debate respecto a este tema y la declinaci\u00f3n del titular del Ejecutivo Federal a [&hellip;]<\/p>\n","protected":false},"author":81,"featured_media":177247,"comment_status":"closed","ping_status":"closed","sticky":false,"template":"","format":"standard","meta":{"footnotes":""},"categories":[36],"tags":[],"class_list":["post-185199","post","type-post","status-publish","format-standard","has-post-thumbnail","hentry","category-nacion"],"_links":{"self":[{"href":"https:\/\/plazajuarez.mx\/historico\/wp-json\/wp\/v2\/posts\/185199","targetHints":{"allow":["GET"]}}],"collection":[{"href":"https:\/\/plazajuarez.mx\/historico\/wp-json\/wp\/v2\/posts"}],"about":[{"href":"https:\/\/plazajuarez.mx\/historico\/wp-json\/wp\/v2\/types\/post"}],"author":[{"embeddable":true,"href":"https:\/\/plazajuarez.mx\/historico\/wp-json\/wp\/v2\/users\/81"}],"replies":[{"embeddable":true,"href":"https:\/\/plazajuarez.mx\/historico\/wp-json\/wp\/v2\/comments?post=185199"}],"version-history":[{"count":0,"href":"https:\/\/plazajuarez.mx\/historico\/wp-json\/wp\/v2\/posts\/185199\/revisions"}],"wp:featuredmedia":[{"embeddable":true,"href":"https:\/\/plazajuarez.mx\/historico\/wp-json\/wp\/v2\/media\/177247"}],"wp:attachment":[{"href":"https:\/\/plazajuarez.mx\/historico\/wp-json\/wp\/v2\/media?parent=185199"}],"wp:term":[{"taxonomy":"category","embeddable":true,"href":"https:\/\/plazajuarez.mx\/historico\/wp-json\/wp\/v2\/categories?post=185199"},{"taxonomy":"post_tag","embeddable":true,"href":"https:\/\/plazajuarez.mx\/historico\/wp-json\/wp\/v2\/tags?post=185199"}],"curies":[{"name":"wp","href":"https:\/\/api.w.org\/{rel}","templated":true}]}}