{"id":185186,"date":"2021-10-05T13:22:46","date_gmt":"2021-10-05T18:22:46","guid":{"rendered":"https:\/\/plazajuarez.mx\/?p=185186"},"modified":"2021-10-05T13:23:00","modified_gmt":"2021-10-05T18:23:00","slug":"piden-a-gatell-que-no-vaya-a-senado-a-recibir-la-belisario-dominguez","status":"publish","type":"post","link":"https:\/\/plazajuarez.mx\/historico\/piden-a-gatell-que-no-vaya-a-senado-a-recibir-la-belisario-dominguez\/","title":{"rendered":"Piden a Gatell que no vaya a Senado a recibir la Belisario Dom\u00ednguez"},"content":{"rendered":"\n<p>La bancada del PRI en el Senado de la Rep\u00fablica solicit\u00f3 formalmente a la Mesa Directiva que Hugo L\u00f3pez-Gatell, subsecretario de Prevenci\u00f3n y Promoci\u00f3n de la Salud, no asista a recibir la Medalla Belisario Dom\u00ednguez 2020 a nombre del personal m\u00e9dico que ha hecho frente a la pandemia por Covid-19.<\/p>\n\n\n\n<p>A dos d\u00edas de la entrega de la Medalla Belisario Dom\u00ednguez al personal de salud que ha hecho frente a la pandemia, as\u00ed como la edici\u00f3n 2021 a la economista y senadora Ifigenia Mart\u00ednez; y en grado post mortem al m\u00e9dico y cient\u00edfico Manuel Velasco-Su\u00e1rez, se plante\u00f3 el rechazo a la presencia de L\u00f3pez-Gatell a esta ceremonia.<\/p>\n\n\n\n<p>Desde su esca\u00f1o, el vicecoordinador del PRI, Manuel A\u00f1orve Ba\u00f1os, solicit\u00f3 a la presidenta del Senado, Olga S\u00e1nchez Cordero, que no se invite ni asista L\u00f3pez-Gatell.<\/p>\n\n\n\n<p>&#8220;En la Belisario Dom\u00ednguez del pr\u00f3ximo jueves se va a entregar el premio del 2020 al personal m\u00e9dico. Esto est\u00e1 muy claro, estamos totalmente de acuerdo, pero lo que queremos sugerir de manera responsable es que por favor no vaya a venir L\u00f3pez-Gatell representando al personal m\u00e9dico&#8221;, dijo el senador priista.<\/p>\n\n\n\n<p>&#8220;No debe venir L\u00f3pez Gatell y por favor no digan quienes vienen o quienes representan a este personal m\u00e9dico que son los h\u00e9roes an\u00f3nimos de esta pandemia&#8221;, agreg\u00f3.<\/p>\n\n\n\n<p>Por su lado, S\u00e1nchez Cordero inform\u00f3 que esta medalla al personal m\u00e9dico quedar\u00e1 en custodia del Senado para que un acto posterior hacer la invitaci\u00f3n correspondientes para ver qu\u00e9 personas acuden a recibirla.<\/p>\n","protected":false},"excerpt":{"rendered":"<p>La bancada del PRI en el Senado de la Rep\u00fablica solicit\u00f3 formalmente a la Mesa Directiva que Hugo L\u00f3pez-Gatell, subsecretario de Prevenci\u00f3n y Promoci\u00f3n de la Salud, no asista a recibir la Medalla Belisario Dom\u00ednguez 2020 a nombre del personal m\u00e9dico que ha hecho frente a la pandemia por Covid-19. A dos d\u00edas de la [&hellip;]<\/p>\n","protected":false},"author":81,"featured_media":183288,"comment_status":"closed","ping_status":"closed","sticky":false,"template":"","format":"standard","meta":{"footnotes":""},"categories":[36],"tags":[],"class_list":["post-185186","post","type-post","status-publish","format-standard","has-post-thumbnail","hentry","category-nacion"],"_links":{"self":[{"href":"https:\/\/plazajuarez.mx\/historico\/wp-json\/wp\/v2\/posts\/185186","targetHints":{"allow":["GET"]}}],"collection":[{"href":"https:\/\/plazajuarez.mx\/historico\/wp-json\/wp\/v2\/posts"}],"about":[{"href":"https:\/\/plazajuarez.mx\/historico\/wp-json\/wp\/v2\/types\/post"}],"author":[{"embeddable":true,"href":"https:\/\/plazajuarez.mx\/historico\/wp-json\/wp\/v2\/users\/81"}],"replies":[{"embeddable":true,"href":"https:\/\/plazajuarez.mx\/historico\/wp-json\/wp\/v2\/comments?post=185186"}],"version-history":[{"count":0,"href":"https:\/\/plazajuarez.mx\/historico\/wp-json\/wp\/v2\/posts\/185186\/revisions"}],"wp:featuredmedia":[{"embeddable":true,"href":"https:\/\/plazajuarez.mx\/historico\/wp-json\/wp\/v2\/media\/183288"}],"wp:attachment":[{"href":"https:\/\/plazajuarez.mx\/historico\/wp-json\/wp\/v2\/media?parent=185186"}],"wp:term":[{"taxonomy":"category","embeddable":true,"href":"https:\/\/plazajuarez.mx\/historico\/wp-json\/wp\/v2\/categories?post=185186"},{"taxonomy":"post_tag","embeddable":true,"href":"https:\/\/plazajuarez.mx\/historico\/wp-json\/wp\/v2\/tags?post=185186"}],"curies":[{"name":"wp","href":"https:\/\/api.w.org\/{rel}","templated":true}]}}