{"id":185176,"date":"2021-10-05T13:18:43","date_gmt":"2021-10-05T18:18:43","guid":{"rendered":"https:\/\/plazajuarez.mx\/?p=185176"},"modified":"2021-10-05T13:18:59","modified_gmt":"2021-10-05T18:18:59","slug":"jimenez_mexico","status":"publish","type":"post","link":"https:\/\/plazajuarez.mx\/historico\/jimenez_mexico\/","title":{"rendered":"Con Jim\u00e9nez de regreso, M\u00e9xico se entrena para sus partidos de eliminatoria"},"content":{"rendered":"\n<p>La reaparici\u00f3n del delantero Ra\u00fal Jim\u00e9nez, del Wolverhampton Wanderers, de la Liga Premier de Inglaterra fue lo m\u00e1s sobresalientes este lunes en el inicio de la concentraci\u00f3n de M\u00e9xico para sus pr\u00f3ximos partidos de la eliminatoria mundialista.<\/p>\n\n\n\n<p>Jim\u00e9nez mostr\u00f3 buena disposici\u00f3n en el entrenamiento y se le vio con entusiasmo en los ejercicios de fuerza, una de las prioridades del seleccionador argentino Gerardo &#8220;Tata&#8221; Martino en su primer d\u00eda de trabajo en el campamento del &#8220;tri&#8221;, en las afueras de la Ciudad de M\u00e9xico.<\/p>\n\n\n\n<p>El goleador estuvo con la selecci\u00f3n mexicana por \u00faltima vez en noviembre del 2020, d\u00eda antes de sufrir una fractura de cr\u00e1neo en un partido entre su equipo y el Arsenal. El pasado mes de marzo acompa\u00f1\u00f3 a la selecci\u00f3n en la fecha FIFA, pero ahora estar\u00e1 disponible para jugar.<\/p>\n\n\n\n<p>M\u00e9xico recibir\u00e1 el pr\u00f3ximo jueves Canad\u00e1 y el domingo a Honduras, para visitar el mi\u00e9rcoles 13 a EL Salvador, en la eliminatoria para el Mundial de Catar, en la cual va de l\u00edder con dos victorias, un empate y siete puntos, seguido de Canad\u00e1, Estados Unidos y Panam\u00e1, con cinco unidades, Costa Rica, Honduras y El Salvador, con dos y Jamaica, con uno.<\/p>\n\n\n\n<p>Martino ha apostado en la eliminatoria a una combinaci\u00f3n de veteranos con j\u00f3venes, algunos involucrados en ligas europeas, con el objetivo de clasificarse sin aprietos en la Concacaf y luego tratar de ser protagonista en el Mundial.<\/p>\n\n\n\n<p>Los mexicanos se han clasificado a los octavos de finales en los \u00faltimos siete Mundiales, pero han quedado eliminado en esa fase en todas las ocasiones. Martino pretende dar un paso adelante y acceder por lo menos a la fase de los ocho mejores, un reto dif\u00edcil.<\/p>\n\n\n\n<p>Este lunes lleg\u00f3 al grupo el atacante Hirving Lozano, del Napoli de la Serie A de Italia, por lo que a partir de este martes, el cuerpo t\u00e9cnico podr\u00e1 trabajar con equipo completo para dise\u00f1ar la estrategia ante los canadienses.<\/p>\n\n\n\n<p>M\u00e9xico debut\u00f3 en la eliminatoria con un triunfo 2-1 sobre Jamaica, el 2 de septiembre pasado, derrot\u00f3 por 1-2 a Costa Rica en San Jos\u00e9, el 5 y empat\u00f3 1-1 con Panam\u00e1, el 8.<\/p>\n","protected":false},"excerpt":{"rendered":"<p>La reaparici\u00f3n del delantero Ra\u00fal Jim\u00e9nez, del Wolverhampton Wanderers, de la Liga Premier de Inglaterra fue lo m\u00e1s sobresalientes este lunes en el inicio de la concentraci\u00f3n de M\u00e9xico para sus pr\u00f3ximos partidos de la eliminatoria mundialista. Jim\u00e9nez mostr\u00f3 buena disposici\u00f3n en el entrenamiento y se le vio con entusiasmo en los ejercicios de fuerza, [&hellip;]<\/p>\n","protected":false},"author":80,"featured_media":185177,"comment_status":"closed","ping_status":"closed","sticky":false,"template":"","format":"standard","meta":{"footnotes":""},"categories":[39],"tags":[],"class_list":["post-185176","post","type-post","status-publish","format-standard","has-post-thumbnail","hentry","category-deportiva"],"_links":{"self":[{"href":"https:\/\/plazajuarez.mx\/historico\/wp-json\/wp\/v2\/posts\/185176","targetHints":{"allow":["GET"]}}],"collection":[{"href":"https:\/\/plazajuarez.mx\/historico\/wp-json\/wp\/v2\/posts"}],"about":[{"href":"https:\/\/plazajuarez.mx\/historico\/wp-json\/wp\/v2\/types\/post"}],"author":[{"embeddable":true,"href":"https:\/\/plazajuarez.mx\/historico\/wp-json\/wp\/v2\/users\/80"}],"replies":[{"embeddable":true,"href":"https:\/\/plazajuarez.mx\/historico\/wp-json\/wp\/v2\/comments?post=185176"}],"version-history":[{"count":0,"href":"https:\/\/plazajuarez.mx\/historico\/wp-json\/wp\/v2\/posts\/185176\/revisions"}],"wp:featuredmedia":[{"embeddable":true,"href":"https:\/\/plazajuarez.mx\/historico\/wp-json\/wp\/v2\/media\/185177"}],"wp:attachment":[{"href":"https:\/\/plazajuarez.mx\/historico\/wp-json\/wp\/v2\/media?parent=185176"}],"wp:term":[{"taxonomy":"category","embeddable":true,"href":"https:\/\/plazajuarez.mx\/historico\/wp-json\/wp\/v2\/categories?post=185176"},{"taxonomy":"post_tag","embeddable":true,"href":"https:\/\/plazajuarez.mx\/historico\/wp-json\/wp\/v2\/tags?post=185176"}],"curies":[{"name":"wp","href":"https:\/\/api.w.org\/{rel}","templated":true}]}}