{"id":185173,"date":"2021-10-05T13:13:31","date_gmt":"2021-10-05T18:13:31","guid":{"rendered":"https:\/\/plazajuarez.mx\/?p=185173"},"modified":"2021-10-05T13:13:44","modified_gmt":"2021-10-05T18:13:44","slug":"blinken_euu","status":"publish","type":"post","link":"https:\/\/plazajuarez.mx\/historico\/blinken_euu\/","title":{"rendered":"Blinken, Mayorkas y Garland viajar\u00e1n a M\u00e9xico para di\u00e1logo sobre seguridad"},"content":{"rendered":"\n<p>Una delegaci\u00f3n del Gobierno de Estados Unidos encabezada por el secretario de Estado, Antony Blinken, viajar\u00e1 a M\u00e9xico esta semana para reactivar con sus hom\u00f3logos el Di\u00e1logo de Alto Nivel sobre Seguridad entre ambos pa\u00edses.<\/p>\n\n\n\n<p>La reuni\u00f3n, en la que tambi\u00e9n participar\u00e1n el fiscal general de Estados Unidos, Merrick Garland, y el secretario de Seguridad Nacional, Alejandro Mayorkas, tendr\u00e1 lugar este viernes en Ciudad de M\u00e9xico.<\/p>\n\n\n\n<p>La activaci\u00f3n de este foro de di\u00e1logo sobre seguridad fue uno de los acuerdos a los que llegaron el presidente mexicano, Andr\u00e9s Manuel L\u00f3pez Obrador, y la vicepresidenta estadounidense, Kamala Harris, en una reuni\u00f3n bilateral celebrada en junio.<\/p>\n\n\n\n<p>Tras ese encuentro, M\u00e9xico y EE.UU. ya anunciaron su intenci\u00f3n de celebrar para estas fechas la primera reuni\u00f3n del foro.<\/p>\n\n\n\n<p>En un comunicado, la Casa Blanca afirm\u00f3 que &#8220;este di\u00e1logo llega en un momento en el que las amenazas del siglo XXI son cada vez m\u00e1s complejas y no conocen de fronteras&#8221;.<\/p>\n\n\n\n<p>&#8220;El Di\u00e1logo -agreg\u00f3 Washington- se basar\u00e1 en las conversaciones de meses previos sobre la protecci\u00f3n de nuestro pueblo, la prevenci\u00f3n de la delincuencia transfronteriza y la persecuci\u00f3n de las redes delictivas, al tiempo que se promueven los derechos humanos y el estado de derecho&#8221;.<\/p>\n","protected":false},"excerpt":{"rendered":"<p>Una delegaci\u00f3n del Gobierno de Estados Unidos encabezada por el secretario de Estado, Antony Blinken, viajar\u00e1 a M\u00e9xico esta semana para reactivar con sus hom\u00f3logos el Di\u00e1logo de Alto Nivel sobre Seguridad entre ambos pa\u00edses. La reuni\u00f3n, en la que tambi\u00e9n participar\u00e1n el fiscal general de Estados Unidos, Merrick Garland, y el secretario de Seguridad [&hellip;]<\/p>\n","protected":false},"author":80,"featured_media":185174,"comment_status":"closed","ping_status":"closed","sticky":false,"template":"","format":"standard","meta":{"footnotes":""},"categories":[31],"tags":[],"class_list":["post-185173","post","type-post","status-publish","format-standard","has-post-thumbnail","hentry","category-orbe"],"_links":{"self":[{"href":"https:\/\/plazajuarez.mx\/historico\/wp-json\/wp\/v2\/posts\/185173","targetHints":{"allow":["GET"]}}],"collection":[{"href":"https:\/\/plazajuarez.mx\/historico\/wp-json\/wp\/v2\/posts"}],"about":[{"href":"https:\/\/plazajuarez.mx\/historico\/wp-json\/wp\/v2\/types\/post"}],"author":[{"embeddable":true,"href":"https:\/\/plazajuarez.mx\/historico\/wp-json\/wp\/v2\/users\/80"}],"replies":[{"embeddable":true,"href":"https:\/\/plazajuarez.mx\/historico\/wp-json\/wp\/v2\/comments?post=185173"}],"version-history":[{"count":0,"href":"https:\/\/plazajuarez.mx\/historico\/wp-json\/wp\/v2\/posts\/185173\/revisions"}],"wp:featuredmedia":[{"embeddable":true,"href":"https:\/\/plazajuarez.mx\/historico\/wp-json\/wp\/v2\/media\/185174"}],"wp:attachment":[{"href":"https:\/\/plazajuarez.mx\/historico\/wp-json\/wp\/v2\/media?parent=185173"}],"wp:term":[{"taxonomy":"category","embeddable":true,"href":"https:\/\/plazajuarez.mx\/historico\/wp-json\/wp\/v2\/categories?post=185173"},{"taxonomy":"post_tag","embeddable":true,"href":"https:\/\/plazajuarez.mx\/historico\/wp-json\/wp\/v2\/tags?post=185173"}],"curies":[{"name":"wp","href":"https:\/\/api.w.org\/{rel}","templated":true}]}}