{"id":185170,"date":"2021-10-05T13:08:21","date_gmt":"2021-10-05T18:08:21","guid":{"rendered":"https:\/\/plazajuarez.mx\/?p=185170"},"modified":"2021-10-05T13:08:35","modified_gmt":"2021-10-05T18:08:35","slug":"mexico_merida","status":"publish","type":"post","link":"https:\/\/plazajuarez.mx\/historico\/mexico_merida\/","title":{"rendered":"M\u00e9xico propondr\u00e1 el viernes a Blinken acabar con la Iniciativa M\u00e9rida"},"content":{"rendered":"\n<p>&nbsp;El Gobierno de M\u00e9xico propondr\u00e1 al secretario de Estado de Estados Unidos, Antony Blinken, durante su visita del 8 de octubre, acabar con la Iniciativa M\u00e9rida, basada en la persecuci\u00f3n militar a las drogas, inform\u00f3 este martes el canciller mexicano, Marcelo Ebrard.<\/p>\n\n\n\n<p>&#8220;Tiene que haber una nueva etapa, dejar atr\u00e1s la Iniciativa M\u00e9rida, que es asistencialista y est\u00e1 basada en una estrategia de seguridad totalmente distinta a la que se est\u00e1 implementando&#8221;, expres\u00f3 Ebrard durante la rueda de prensa matutina del presidente Andr\u00e9s Manuel L\u00f3pez Obrador en Veracruz.<\/p>\n\n\n\n<p>Una delegaci\u00f3n del Gobierno de Estados Unidos encabezada por el secretario Blinken viajar\u00e1 a M\u00e9xico esta semana para reactivar con sus hom\u00f3logos el Di\u00e1logo de Alto Nivel sobre Seguridad entre ambos pa\u00edses.<\/p>\n\n\n\n<p>La reuni\u00f3n, en la que tambi\u00e9n participar\u00e1n el fiscal general de Estados Unidos, Merrick Garland, y el secretario de Seguridad Nacional, Alejandro Mayorkas, tendr\u00e1 lugar este viernes en la Ciudad de M\u00e9xico.<\/p>\n\n\n\n<p>El secretario mexicano de Relaciones Exteriores dijo que ambos pa\u00edses deben &#8220;trabajar en materia de seguridad para un entendimiento sim\u00e9trico y respetuoso&#8221;.<\/p>\n\n\n\n<p>Asegur\u00f3 que el Gobierno mexicano tiene una lista de 10 prioridades, pero solo detall\u00f3 la de reducir los homicidios, aumentar el control del tr\u00e1fico de armas y cooperar en materia de extradiciones.<\/p>\n\n\n\n<p>Ebrard explic\u00f3 que la delegaci\u00f3n estadounidense encabezada por Blinken mantendr\u00e1 una reuni\u00f3n con L\u00f3pez Obrador, luego con el fiscal general, Alejandro Gertz, y finalmente visitar\u00e1 la Canciller\u00eda mexicana para encontrarse con el gabinete de seguridad mexicano.<\/p>\n\n\n\n<p>La activaci\u00f3n de este foro de di\u00e1logo sobre seguridad fue uno de los acuerdos a los que llegaron L\u00f3pez Obrador y la vicepresidenta estadounidense, Kamala Harris, en una reuni\u00f3n bilateral celebrada en junio.<\/p>\n\n\n\n<p>Este mecanismo transcurre en paralelo con el Di\u00e1logo Econ\u00f3mico de Alto Nivel, activado semanas atr\u00e1s en Washington para abordar el desarrollo y las inversiones entre ambos pa\u00edses, y que en noviembre tendr\u00e1 &#8220;sus primeros resultados&#8221;, dijo Ebrard.<\/p>\n","protected":false},"excerpt":{"rendered":"<p>&nbsp;El Gobierno de M\u00e9xico propondr\u00e1 al secretario de Estado de Estados Unidos, Antony Blinken, durante su visita del 8 de octubre, acabar con la Iniciativa M\u00e9rida, basada en la persecuci\u00f3n militar a las drogas, inform\u00f3 este martes el canciller mexicano, Marcelo Ebrard. &#8220;Tiene que haber una nueva etapa, dejar atr\u00e1s la Iniciativa M\u00e9rida, que es [&hellip;]<\/p>\n","protected":false},"author":80,"featured_media":185171,"comment_status":"closed","ping_status":"closed","sticky":false,"template":"","format":"standard","meta":{"footnotes":""},"categories":[36],"tags":[],"class_list":["post-185170","post","type-post","status-publish","format-standard","has-post-thumbnail","hentry","category-nacion"],"_links":{"self":[{"href":"https:\/\/plazajuarez.mx\/historico\/wp-json\/wp\/v2\/posts\/185170","targetHints":{"allow":["GET"]}}],"collection":[{"href":"https:\/\/plazajuarez.mx\/historico\/wp-json\/wp\/v2\/posts"}],"about":[{"href":"https:\/\/plazajuarez.mx\/historico\/wp-json\/wp\/v2\/types\/post"}],"author":[{"embeddable":true,"href":"https:\/\/plazajuarez.mx\/historico\/wp-json\/wp\/v2\/users\/80"}],"replies":[{"embeddable":true,"href":"https:\/\/plazajuarez.mx\/historico\/wp-json\/wp\/v2\/comments?post=185170"}],"version-history":[{"count":0,"href":"https:\/\/plazajuarez.mx\/historico\/wp-json\/wp\/v2\/posts\/185170\/revisions"}],"wp:featuredmedia":[{"embeddable":true,"href":"https:\/\/plazajuarez.mx\/historico\/wp-json\/wp\/v2\/media\/185171"}],"wp:attachment":[{"href":"https:\/\/plazajuarez.mx\/historico\/wp-json\/wp\/v2\/media?parent=185170"}],"wp:term":[{"taxonomy":"category","embeddable":true,"href":"https:\/\/plazajuarez.mx\/historico\/wp-json\/wp\/v2\/categories?post=185170"},{"taxonomy":"post_tag","embeddable":true,"href":"https:\/\/plazajuarez.mx\/historico\/wp-json\/wp\/v2\/tags?post=185170"}],"curies":[{"name":"wp","href":"https:\/\/api.w.org\/{rel}","templated":true}]}}