{"id":185161,"date":"2021-10-05T12:36:12","date_gmt":"2021-10-05T17:36:12","guid":{"rendered":"https:\/\/plazajuarez.mx\/?p=185161"},"modified":"2021-10-05T12:36:27","modified_gmt":"2021-10-05T17:36:27","slug":"20-de-noviembre-primer-gran-evento-con-publico-en-pandemia","status":"publish","type":"post","link":"https:\/\/plazajuarez.mx\/historico\/20-de-noviembre-primer-gran-evento-con-publico-en-pandemia\/","title":{"rendered":"20 de noviembre, primer gran evento con p\u00fablico en pandemia"},"content":{"rendered":"\n<p>(EFE) El presidente Andr\u00e9s Manuel L\u00f3pez Obrador anunci\u00f3 ayer que el D\u00eda de la Revoluci\u00f3n mexicana celebrado el 20 de noviembre ser\u00e1 el primer gran evento pol\u00edtico del Z\u00f3calo capitalino en el que podr\u00e1 asistir el p\u00fablico desde el inicio de la pandemia de la Covid-19.<\/p>\n\n\n\n<p>&#8220;Vamos a conmemorar la Revoluci\u00f3n mexicana el 20 de noviembre Ser\u00e1&nbsp; el primer acto con p\u00fablico. Aprovecho para convocar a todo el pueblo&#8221;, dijo en la ma\u00f1anera..<\/p>\n\n\n\n<p>Subray\u00f3 que en octubre todos los adultos habr\u00e1n recibido al menos una dosis de la vacuna, asegur\u00f3 que &#8220;ya est\u00e1 bajando el n\u00famero de contagios&#8221; de covid-19 y opin\u00f3 que &#8220;la gente ya quiere m\u00e1s participaci\u00f3n&#8221; en la vida p\u00fablica.<\/p>\n\n\n\n<p>Desde el inicio de la pandemia en febrero de 2020, los grandes eventos pol\u00edticos del Z\u00f3calo se han hecho a puerta cerrada.&nbsp;<\/p>\n","protected":false},"excerpt":{"rendered":"<p>(EFE) El presidente Andr\u00e9s Manuel L\u00f3pez Obrador anunci\u00f3 ayer que el D\u00eda de la Revoluci\u00f3n mexicana celebrado el 20 de noviembre ser\u00e1 el primer gran evento pol\u00edtico del Z\u00f3calo capitalino en el que podr\u00e1 asistir el p\u00fablico desde el inicio de la pandemia de la Covid-19. &#8220;Vamos a conmemorar la Revoluci\u00f3n mexicana el 20 de [&hellip;]<\/p>\n","protected":false},"author":80,"featured_media":185162,"comment_status":"closed","ping_status":"closed","sticky":false,"template":"","format":"standard","meta":{"footnotes":""},"categories":[15,36],"tags":[],"class_list":["post-185161","post","type-post","status-publish","format-standard","has-post-thumbnail","hentry","category-destacadas","category-nacion"],"_links":{"self":[{"href":"https:\/\/plazajuarez.mx\/historico\/wp-json\/wp\/v2\/posts\/185161","targetHints":{"allow":["GET"]}}],"collection":[{"href":"https:\/\/plazajuarez.mx\/historico\/wp-json\/wp\/v2\/posts"}],"about":[{"href":"https:\/\/plazajuarez.mx\/historico\/wp-json\/wp\/v2\/types\/post"}],"author":[{"embeddable":true,"href":"https:\/\/plazajuarez.mx\/historico\/wp-json\/wp\/v2\/users\/80"}],"replies":[{"embeddable":true,"href":"https:\/\/plazajuarez.mx\/historico\/wp-json\/wp\/v2\/comments?post=185161"}],"version-history":[{"count":0,"href":"https:\/\/plazajuarez.mx\/historico\/wp-json\/wp\/v2\/posts\/185161\/revisions"}],"wp:featuredmedia":[{"embeddable":true,"href":"https:\/\/plazajuarez.mx\/historico\/wp-json\/wp\/v2\/media\/185162"}],"wp:attachment":[{"href":"https:\/\/plazajuarez.mx\/historico\/wp-json\/wp\/v2\/media?parent=185161"}],"wp:term":[{"taxonomy":"category","embeddable":true,"href":"https:\/\/plazajuarez.mx\/historico\/wp-json\/wp\/v2\/categories?post=185161"},{"taxonomy":"post_tag","embeddable":true,"href":"https:\/\/plazajuarez.mx\/historico\/wp-json\/wp\/v2\/tags?post=185161"}],"curies":[{"name":"wp","href":"https:\/\/api.w.org\/{rel}","templated":true}]}}