{"id":185146,"date":"2021-10-05T10:21:55","date_gmt":"2021-10-05T15:21:55","guid":{"rendered":"https:\/\/plazajuarez.mx\/?p=185146"},"modified":"2021-10-05T10:22:31","modified_gmt":"2021-10-05T15:22:31","slug":"sinaloa-tuvo-en-septiembre-un-ligero-aumento-en-los-homicidios-dolosos","status":"publish","type":"post","link":"https:\/\/plazajuarez.mx\/historico\/sinaloa-tuvo-en-septiembre-un-ligero-aumento-en-los-homicidios-dolosos\/","title":{"rendered":"Sinaloa tuvo en septiembre un ligero aumento en los homicidios dolosos"},"content":{"rendered":"\n<p>El gobernador de Sinaloa, Quirino Ordaz admiti\u00f3 que septiembre cerr\u00f3 con 56 homicidios dolosos, delito que no tiene que ver con el cambio de administraci\u00f3n estatal que se avecina, puesto que en el pasado se han tenido meses, con cifras mayores a los noventa asesinatos.<\/p>\n\n\n\n<p>Coment\u00f3 que es lamentable, que se tuvo un ligero aumento en el n\u00famero de homicidios dolosos, con relaci\u00f3n a meses pasados, por lo que todos los d\u00edas, las diversas autoridades deben estar muy atentas y pendientes de este tema sensible.<\/p>\n\n\n\n<p>Sin importar que s\u00f3lo fuera un caso m\u00e1s, con relaci\u00f3n al registro de este delito en el mes de agosto pasado, una vida es importante, por lo que se fortalece la coordinaci\u00f3n que se tiene con las fuerzas federales y estatales, para mantener una tendencia estable a nivel nacional y dentro del territorio estatal.<\/p>\n","protected":false},"excerpt":{"rendered":"<p>El gobernador de Sinaloa, Quirino Ordaz admiti\u00f3 que septiembre cerr\u00f3 con 56 homicidios dolosos, delito que no tiene que ver con el cambio de administraci\u00f3n estatal que se avecina, puesto que en el pasado se han tenido meses, con cifras mayores a los noventa asesinatos. Coment\u00f3 que es lamentable, que se tuvo un ligero aumento [&hellip;]<\/p>\n","protected":false},"author":81,"featured_media":185147,"comment_status":"closed","ping_status":"closed","sticky":false,"template":"","format":"standard","meta":{"footnotes":""},"categories":[37],"tags":[],"class_list":["post-185146","post","type-post","status-publish","format-standard","has-post-thumbnail","hentry","category-barandilla"],"_links":{"self":[{"href":"https:\/\/plazajuarez.mx\/historico\/wp-json\/wp\/v2\/posts\/185146","targetHints":{"allow":["GET"]}}],"collection":[{"href":"https:\/\/plazajuarez.mx\/historico\/wp-json\/wp\/v2\/posts"}],"about":[{"href":"https:\/\/plazajuarez.mx\/historico\/wp-json\/wp\/v2\/types\/post"}],"author":[{"embeddable":true,"href":"https:\/\/plazajuarez.mx\/historico\/wp-json\/wp\/v2\/users\/81"}],"replies":[{"embeddable":true,"href":"https:\/\/plazajuarez.mx\/historico\/wp-json\/wp\/v2\/comments?post=185146"}],"version-history":[{"count":0,"href":"https:\/\/plazajuarez.mx\/historico\/wp-json\/wp\/v2\/posts\/185146\/revisions"}],"wp:featuredmedia":[{"embeddable":true,"href":"https:\/\/plazajuarez.mx\/historico\/wp-json\/wp\/v2\/media\/185147"}],"wp:attachment":[{"href":"https:\/\/plazajuarez.mx\/historico\/wp-json\/wp\/v2\/media?parent=185146"}],"wp:term":[{"taxonomy":"category","embeddable":true,"href":"https:\/\/plazajuarez.mx\/historico\/wp-json\/wp\/v2\/categories?post=185146"},{"taxonomy":"post_tag","embeddable":true,"href":"https:\/\/plazajuarez.mx\/historico\/wp-json\/wp\/v2\/tags?post=185146"}],"curies":[{"name":"wp","href":"https:\/\/api.w.org\/{rel}","templated":true}]}}