{"id":185143,"date":"2021-10-05T10:20:44","date_gmt":"2021-10-05T15:20:44","guid":{"rendered":"https:\/\/plazajuarez.mx\/?p=185143"},"modified":"2021-10-05T10:21:00","modified_gmt":"2021-10-05T15:21:00","slug":"hombres-con-armas-de-fuego-atacaron-a-balazos-a-un-hombre-y-a-un-nino-en-iguala","status":"publish","type":"post","link":"https:\/\/plazajuarez.mx\/historico\/hombres-con-armas-de-fuego-atacaron-a-balazos-a-un-hombre-y-a-un-nino-en-iguala\/","title":{"rendered":"Hombres con armas de fuego, atacaron a balazos a un hombre y a un ni\u00f1o en Iguala"},"content":{"rendered":"\n<p>Eran las 8:30 de la noche, cuando armados realizaron el ataque, en el atrio de la iglesia feligreses hac\u00edan procesi\u00f3n, mientras que a un costado, en la plaza c\u00edvica Las Tres Garant\u00edas, se realizaba el festival cultural Yohuala por la fundaci\u00f3n de la ciudad, donde participaron cientos de personas.<\/p>\n\n\n\n<p>De acuerdo a videos que se difundieron en redes sociales, al momento en que se escucharon las descargas de las armas, el grupo de bailarines que estaban en el escenario se baj\u00f3 de inmediato y la gente comenz\u00f3 a correr y a tirarse al piso para protegerse.<\/p>\n\n\n\n<p>Por el micr\u00f3fono, la presentadora del festival ped\u00eda a la gente tirarse al piso y mantenerse en calma.<\/p>\n\n\n\n<p>En los videos se observa c\u00f3mo familias completas est\u00e1n tiradas en piso tratando de protegerse.<\/p>\n\n\n\n<p>Cuando pasaron los minutos, la misma mujer, ped\u00eda a agentes de la Polic\u00eda y de Protecci\u00f3n Civil le indicar\u00e1 si la gente ya se pod\u00eda pararse e irse del lugar.<\/p>\n\n\n\n<p>En ese momento, no se sab\u00eda con exactitud qu\u00e9 estaba pasando, simplemente la gente corr\u00eda para protegerse.<\/p>\n\n\n\n<p>A trav\u00e9s de un reporte policiaco, se supo que hombres armados atacaron a un hombre en el atrio de la iglesia.<\/p>\n\n\n\n<p>Seg\u00fan el reporte, el hombre qued\u00f3 herido en la cabeza y el menor de edad en la cara.<\/p>\n\n\n\n<p>Este fue el fin de una semana violenta en Iguala. Tambi\u00e9n dejaron dentro de una cajuela de un autom\u00f3vil cuatro cad\u00e1veres.<\/p>\n","protected":false},"excerpt":{"rendered":"<p>Eran las 8:30 de la noche, cuando armados realizaron el ataque, en el atrio de la iglesia feligreses hac\u00edan procesi\u00f3n, mientras que a un costado, en la plaza c\u00edvica Las Tres Garant\u00edas, se realizaba el festival cultural Yohuala por la fundaci\u00f3n de la ciudad, donde participaron cientos de personas. De acuerdo a videos que se [&hellip;]<\/p>\n","protected":false},"author":81,"featured_media":185144,"comment_status":"closed","ping_status":"closed","sticky":false,"template":"","format":"standard","meta":{"footnotes":""},"categories":[37],"tags":[],"class_list":["post-185143","post","type-post","status-publish","format-standard","has-post-thumbnail","hentry","category-barandilla"],"_links":{"self":[{"href":"https:\/\/plazajuarez.mx\/historico\/wp-json\/wp\/v2\/posts\/185143","targetHints":{"allow":["GET"]}}],"collection":[{"href":"https:\/\/plazajuarez.mx\/historico\/wp-json\/wp\/v2\/posts"}],"about":[{"href":"https:\/\/plazajuarez.mx\/historico\/wp-json\/wp\/v2\/types\/post"}],"author":[{"embeddable":true,"href":"https:\/\/plazajuarez.mx\/historico\/wp-json\/wp\/v2\/users\/81"}],"replies":[{"embeddable":true,"href":"https:\/\/plazajuarez.mx\/historico\/wp-json\/wp\/v2\/comments?post=185143"}],"version-history":[{"count":0,"href":"https:\/\/plazajuarez.mx\/historico\/wp-json\/wp\/v2\/posts\/185143\/revisions"}],"wp:featuredmedia":[{"embeddable":true,"href":"https:\/\/plazajuarez.mx\/historico\/wp-json\/wp\/v2\/media\/185144"}],"wp:attachment":[{"href":"https:\/\/plazajuarez.mx\/historico\/wp-json\/wp\/v2\/media?parent=185143"}],"wp:term":[{"taxonomy":"category","embeddable":true,"href":"https:\/\/plazajuarez.mx\/historico\/wp-json\/wp\/v2\/categories?post=185143"},{"taxonomy":"post_tag","embeddable":true,"href":"https:\/\/plazajuarez.mx\/historico\/wp-json\/wp\/v2\/tags?post=185143"}],"curies":[{"name":"wp","href":"https:\/\/api.w.org\/{rel}","templated":true}]}}