{"id":185140,"date":"2021-10-05T10:19:25","date_gmt":"2021-10-05T15:19:25","guid":{"rendered":"https:\/\/plazajuarez.mx\/?p=185140"},"modified":"2021-10-05T10:19:50","modified_gmt":"2021-10-05T15:19:50","slug":"agresion-armada-en-carretera-de-sonora-dejo-cinco-muertes","status":"publish","type":"post","link":"https:\/\/plazajuarez.mx\/historico\/agresion-armada-en-carretera-de-sonora-dejo-cinco-muertes\/","title":{"rendered":"Agresi\u00f3n armada en carretera de Sonora dej\u00f3 cinco muertes"},"content":{"rendered":"\n<p>Autoridades polic\u00edacas dieron a conocer que en Sonora los elementos de la Guardia Nacional (GN), encontraron durante la madrugada de ayer, cinco cuerpos sin vida y a dos personas lesionadas por disparos de arma de fuego a un costado de la carretera Internacional, tramo Benjam\u00edn Hill-Santa Ana.<\/p>\n\n\n\n<p>Posteriormente la Fiscal\u00eda General de Justicia del Estado (FGJE), inform\u00f3 que tras el hallazgo que fue reportado a las 03.07 horas de este lunes 4 de octubre, se activ\u00f3 el C\u00f3digo Rojo por elementos de la Secretar\u00eda de Seguridad P\u00fablica (SSP).<\/p>\n\n\n\n<p>Los cuerpos de los infortunados presentaban impactos de proyectiles de arma de fuego, pero tambi\u00e9n se localiz\u00f3 consumido por el fuego, un veh\u00edculo tipo pick up que transportaba pedacer\u00eda de fierro.<\/p>\n\n\n\n<p>Uno de los cuerpos hallados ten\u00eda un pedazo de cart\u00f3n, que ten\u00eda escrita la leyenda: &#8220;Esto es lo que les va a pasar a todos los ratas que andan robando fierros y desmantelando ranchos&#8221;.<\/p>\n\n\n\n<p>Las dos personas lesionadas fueron trasladadas por servicios de emergencia para recibir atenci\u00f3n m\u00e9dica.<\/p>\n\n\n\n<p>Los elementos de la Guardia Nacional fueron los primeros respondientes del caso.<\/p>\n\n\n\n<p>Personal de Servicios Periciales de la FGJE Sonora, realiz\u00f3 el procesamiento de la escena para obtener indicios y datos de prueba que lleven al esclarecimiento del caso.<\/p>\n\n\n\n<p>Finalmente se investigan los hechos, as\u00ed como la identidad de los fallecidos y lesionados, inform\u00f3 la Fiscal\u00eda.<\/p>\n","protected":false},"excerpt":{"rendered":"<p>Autoridades polic\u00edacas dieron a conocer que en Sonora los elementos de la Guardia Nacional (GN), encontraron durante la madrugada de ayer, cinco cuerpos sin vida y a dos personas lesionadas por disparos de arma de fuego a un costado de la carretera Internacional, tramo Benjam\u00edn Hill-Santa Ana. Posteriormente la Fiscal\u00eda General de Justicia del Estado [&hellip;]<\/p>\n","protected":false},"author":81,"featured_media":185141,"comment_status":"closed","ping_status":"closed","sticky":false,"template":"","format":"standard","meta":{"footnotes":""},"categories":[37],"tags":[],"class_list":["post-185140","post","type-post","status-publish","format-standard","has-post-thumbnail","hentry","category-barandilla"],"_links":{"self":[{"href":"https:\/\/plazajuarez.mx\/historico\/wp-json\/wp\/v2\/posts\/185140","targetHints":{"allow":["GET"]}}],"collection":[{"href":"https:\/\/plazajuarez.mx\/historico\/wp-json\/wp\/v2\/posts"}],"about":[{"href":"https:\/\/plazajuarez.mx\/historico\/wp-json\/wp\/v2\/types\/post"}],"author":[{"embeddable":true,"href":"https:\/\/plazajuarez.mx\/historico\/wp-json\/wp\/v2\/users\/81"}],"replies":[{"embeddable":true,"href":"https:\/\/plazajuarez.mx\/historico\/wp-json\/wp\/v2\/comments?post=185140"}],"version-history":[{"count":0,"href":"https:\/\/plazajuarez.mx\/historico\/wp-json\/wp\/v2\/posts\/185140\/revisions"}],"wp:featuredmedia":[{"embeddable":true,"href":"https:\/\/plazajuarez.mx\/historico\/wp-json\/wp\/v2\/media\/185141"}],"wp:attachment":[{"href":"https:\/\/plazajuarez.mx\/historico\/wp-json\/wp\/v2\/media?parent=185140"}],"wp:term":[{"taxonomy":"category","embeddable":true,"href":"https:\/\/plazajuarez.mx\/historico\/wp-json\/wp\/v2\/categories?post=185140"},{"taxonomy":"post_tag","embeddable":true,"href":"https:\/\/plazajuarez.mx\/historico\/wp-json\/wp\/v2\/tags?post=185140"}],"curies":[{"name":"wp","href":"https:\/\/api.w.org\/{rel}","templated":true}]}}