{"id":185125,"date":"2021-10-05T08:44:19","date_gmt":"2021-10-05T13:44:19","guid":{"rendered":"https:\/\/plazajuarez.mx\/?p=185125"},"modified":"2021-10-05T08:44:33","modified_gmt":"2021-10-05T13:44:33","slug":"a-cuantos-han-despedido-en-mexico-por-la-covid","status":"publish","type":"post","link":"https:\/\/plazajuarez.mx\/historico\/a-cuantos-han-despedido-en-mexico-por-la-covid\/","title":{"rendered":"\u00bfA cu\u00e1ntos han despedido en M\u00e9xico por la Covid?"},"content":{"rendered":"\n<p><strong>Tulancingo<\/strong>.- La Secretar\u00eda del Trabajo y Previsi\u00f3n Social en Hidalgo (STPSH) inform\u00f3 que, hasta el momento, en Hidalgo no se ha registrado ning\u00fan caso o denuncia de trabajadores que hayan sido despedidos luego de haber padecido el covid-19, sin embargo, s\u00ed hay fuerza laboral interesada en buscar asesor\u00eda legal, en caso de que se presente la situaci\u00f3n.<\/p>\n\n\n\n<p>As\u00ed lo revel\u00f3 la titular de esta \u00e1rea del gobierno estatal, Mar\u00eda de los \u00c1ngeles Eguiluz Tapia, quien manifest\u00f3 que, de presentarse alg\u00fan caso al respecto, ir\u00eda contra las normativas en derecho laboral, adem\u00e1s de ser discriminatorio.<\/p>\n\n\n\n<p>La funcionaria anticip\u00f3 que en caso de darse dicha situaci\u00f3n, el trabajador contar\u00e1 con el apoyo y asesor\u00eda por parte de los tribunales laborales en la entidad.&nbsp;<\/p>\n\n\n\n<p>Eguiluz Tapia asegur\u00f3 tambi\u00e9n que hasta el momento no hay una normativa legal que exija a los trabajadores presentar el certificado de vacunaci\u00f3n contra virus SARS-CoV2, como algo obligatorio para ser contratados<\/p>\n\n\n\n<p>Se\u00f1al\u00f3 que exigir dicho certificado ser\u00eda violatorio a los derechos humanos, particularmente el derecho al trabajo.<\/p>\n\n\n\n<p>Dijo que los trabajadores pueden acudir a las juntas municipales de Conciliaci\u00f3n y Arbitraje a solicitar asesor\u00eda legal en el tema, de tal forma que no sean violentados sus derechos laborales.<\/p>\n\n\n\n<p>Finalmente, exhort\u00f3 a los trabajadores y colaboradores en diversas empresas y entidades privadas a que tomen la vacuna en cuanto les sea posible, pues adem\u00e1s de salvaguardar la salud propia, tambi\u00e9n es un tema de responsabilidad para sus compa\u00f1eros de trabajo.<\/p>\n","protected":false},"excerpt":{"rendered":"<p>Tulancingo.- La Secretar\u00eda del Trabajo y Previsi\u00f3n Social en Hidalgo (STPSH) inform\u00f3 que, hasta el momento, en Hidalgo no se ha registrado ning\u00fan caso o denuncia de trabajadores que hayan sido despedidos luego de haber padecido el covid-19, sin embargo, s\u00ed hay fuerza laboral interesada en buscar asesor\u00eda legal, en caso de que se presente [&hellip;]<\/p>\n","protected":false},"author":70,"featured_media":185135,"comment_status":"closed","ping_status":"closed","sticky":false,"template":"","format":"standard","meta":{"footnotes":""},"categories":[2159,40],"tags":[],"class_list":["post-185125","post","type-post","status-publish","format-standard","has-post-thumbnail","hentry","category-noticias-de-hidalgo","category-region"],"_links":{"self":[{"href":"https:\/\/plazajuarez.mx\/historico\/wp-json\/wp\/v2\/posts\/185125","targetHints":{"allow":["GET"]}}],"collection":[{"href":"https:\/\/plazajuarez.mx\/historico\/wp-json\/wp\/v2\/posts"}],"about":[{"href":"https:\/\/plazajuarez.mx\/historico\/wp-json\/wp\/v2\/types\/post"}],"author":[{"embeddable":true,"href":"https:\/\/plazajuarez.mx\/historico\/wp-json\/wp\/v2\/users\/70"}],"replies":[{"embeddable":true,"href":"https:\/\/plazajuarez.mx\/historico\/wp-json\/wp\/v2\/comments?post=185125"}],"version-history":[{"count":0,"href":"https:\/\/plazajuarez.mx\/historico\/wp-json\/wp\/v2\/posts\/185125\/revisions"}],"wp:featuredmedia":[{"embeddable":true,"href":"https:\/\/plazajuarez.mx\/historico\/wp-json\/wp\/v2\/media\/185135"}],"wp:attachment":[{"href":"https:\/\/plazajuarez.mx\/historico\/wp-json\/wp\/v2\/media?parent=185125"}],"wp:term":[{"taxonomy":"category","embeddable":true,"href":"https:\/\/plazajuarez.mx\/historico\/wp-json\/wp\/v2\/categories?post=185125"},{"taxonomy":"post_tag","embeddable":true,"href":"https:\/\/plazajuarez.mx\/historico\/wp-json\/wp\/v2\/tags?post=185125"}],"curies":[{"name":"wp","href":"https:\/\/api.w.org\/{rel}","templated":true}]}}