{"id":185122,"date":"2021-10-07T06:00:00","date_gmt":"2021-10-07T11:00:00","guid":{"rendered":"https:\/\/plazajuarez.mx\/?p=185122"},"modified":"2021-10-06T23:57:19","modified_gmt":"2021-10-07T04:57:19","slug":"robo-de-combustible-tema-que-pone-en-riesgo-a-la-poblacion","status":"publish","type":"post","link":"https:\/\/plazajuarez.mx\/historico\/robo-de-combustible-tema-que-pone-en-riesgo-a-la-poblacion\/","title":{"rendered":"Robo de combustible, tema que pone en riesgo a la poblaci\u00f3n"},"content":{"rendered":"\n<p>El presidente municipal de Tepeji del R\u00edo, Salvador Jim\u00e9nez Calzadilla enfatiz\u00f3 que el robo de combustible, es un problema grave que puede poner en riesgo la vida de muchos habitantes.<\/p>\n\n\n\n<p>En entrevista para el programa \u201cAl Aire\u201d del Sistema de Radio y Televisi\u00f3n de Hidalgo, dijo: \u201cEs fuerte el robo de combustible, no hab\u00edamos tenido ese problema, salvo hace algunos a\u00f1os, pero es lamentable porque pone en riesgo la vida de muchos ciudadanos, es muy grave ese tema\u201d.<\/p>\n\n\n\n<p>Lo anterior al informar sobre la situaci\u00f3n de una fuga registrada en el municipio de Tepeji del R\u00edo, que deriv\u00f3 en la evacuaci\u00f3n de familias para resguardarlas en un albergue activado por la presidencia.<\/p>\n\n\n\n<p>Coment\u00f3: \u201ctuvimos que evacuar porque est\u00e1bamos en riesgo fuerte, tambi\u00e9n quitamos la energ\u00eda el\u00e9ctrica y cerramos la autopista M\u00e9xico-Quer\u00e9taro; despu\u00e9s lleg\u00f3 Pemex, revis\u00f3 la zona cero y detectaron que era una toma clandestina, no se pod\u00eda hacer nada en ese momento, porque el gas lp est\u00e1 en la parte baja y se decidi\u00f3 al amanecer intervenir, a las 8:30 trabajaron y hasta las 10 pudieron cerrar la llave; ten\u00edamos un grande riesgo por eso se acordon\u00f3 la zona en un radio de 500 metros porque nos podr\u00eda generar un problema serio, depend\u00edamos de Pemex\u201d.<\/p>\n\n\n\n<p>Apunt\u00f3 que la autopista estuvo cerrada durante ocho horas, en tanto autoridades de los tres \u00f3rdenes de gobierno tomaban las decisiones de manera acertada y coordinada para salvaguardar la vida de los pobladores.<\/p>\n\n\n\n<p>Finalmente, manifest\u00f3 que alrededor de las 10 de la ma\u00f1ana de ayer, al asegurar que la v\u00e1lvula estaba cerrada, regresaron a las personas evacuadas a sus hogares y tambi\u00e9n abrieron la autopista.<\/p>\n","protected":false},"excerpt":{"rendered":"<p>El presidente municipal de Tepeji del R\u00edo, Salvador Jim\u00e9nez Calzadilla enfatiz\u00f3 que el robo de combustible, es un problema grave que puede poner en riesgo la vida de muchos habitantes. En entrevista para el programa \u201cAl Aire\u201d del Sistema de Radio y Televisi\u00f3n de Hidalgo, dijo: \u201cEs fuerte el robo de combustible, no hab\u00edamos tenido [&hellip;]<\/p>\n","protected":false},"author":73,"featured_media":185358,"comment_status":"closed","ping_status":"","sticky":false,"template":"","format":"standard","meta":{"footnotes":""},"categories":[15,59],"tags":[],"class_list":["post-185122","post","type-post","status-publish","format-standard","has-post-thumbnail","hentry","category-destacadas","category-general"],"_links":{"self":[{"href":"https:\/\/plazajuarez.mx\/historico\/wp-json\/wp\/v2\/posts\/185122","targetHints":{"allow":["GET"]}}],"collection":[{"href":"https:\/\/plazajuarez.mx\/historico\/wp-json\/wp\/v2\/posts"}],"about":[{"href":"https:\/\/plazajuarez.mx\/historico\/wp-json\/wp\/v2\/types\/post"}],"author":[{"embeddable":true,"href":"https:\/\/plazajuarez.mx\/historico\/wp-json\/wp\/v2\/users\/73"}],"replies":[{"embeddable":true,"href":"https:\/\/plazajuarez.mx\/historico\/wp-json\/wp\/v2\/comments?post=185122"}],"version-history":[{"count":0,"href":"https:\/\/plazajuarez.mx\/historico\/wp-json\/wp\/v2\/posts\/185122\/revisions"}],"wp:featuredmedia":[{"embeddable":true,"href":"https:\/\/plazajuarez.mx\/historico\/wp-json\/wp\/v2\/media\/185358"}],"wp:attachment":[{"href":"https:\/\/plazajuarez.mx\/historico\/wp-json\/wp\/v2\/media?parent=185122"}],"wp:term":[{"taxonomy":"category","embeddable":true,"href":"https:\/\/plazajuarez.mx\/historico\/wp-json\/wp\/v2\/categories?post=185122"},{"taxonomy":"post_tag","embeddable":true,"href":"https:\/\/plazajuarez.mx\/historico\/wp-json\/wp\/v2\/tags?post=185122"}],"curies":[{"name":"wp","href":"https:\/\/api.w.org\/{rel}","templated":true}]}}