{"id":185094,"date":"2021-10-05T06:00:00","date_gmt":"2021-10-05T11:00:00","guid":{"rendered":"https:\/\/plazajuarez.mx\/?p=185094"},"modified":"2021-10-05T00:04:15","modified_gmt":"2021-10-05T05:04:15","slug":"laguna-de-voces-765","status":"publish","type":"post","link":"https:\/\/plazajuarez.mx\/historico\/laguna-de-voces-765\/","title":{"rendered":"LAGUNA DE VOCES"},"content":{"rendered":"\n<h2 class=\"wp-block-heading\"><strong>El d\u00eda que se cay\u00f3 y nos call\u00f3 el WhatsApp\u00a0<\/strong><\/h2>\n\n\n\n<p>Hace mucho tiempo, confieso, que hab\u00eda dejado de usar el tel\u00e9fono justo para lo que fue inventado originalmente: hablar. Incluso muchos j\u00f3venes podr\u00edan jurar que tiene un sinf\u00edn de utilidades&nbsp; menos esa que parece tan de otros tiempos,&nbsp; que es llevar la palabra hablada a trav\u00e9s espacio.<\/p>\n\n\n\n<p>&nbsp;&nbsp;&nbsp;&nbsp;&nbsp;Sin embargo el d\u00eda de ayer, por m\u00e1s de cuatro terribles horas que se quedar\u00e1n guardadas para siempre en la historia de las infamias, de repente WhatsApp y Facebook se hicieron humo,&nbsp; ausencia, incluso nostalgia.<\/p>\n\n\n\n<p>&nbsp;&nbsp;&nbsp;&nbsp;&nbsp;Para los que arreglan todo, hasta su vida misma, mediante mensajes escritos o grabados (sin que esto implique un di\u00e1logo), la agon\u00eda empez\u00f3 a ser eso: agon\u00eda, cuando se dieron cuenta que tendr\u00edan que HABLAR POR TEL\u00c9FONO, Y ESCUCHAR Y RESPONDER.<\/p>\n\n\n\n<p>&nbsp;&nbsp;&nbsp;&nbsp;&nbsp;Algo tiene el WhatsApp que permite hacer todo, menos poner atenci\u00f3n absoluta a quien se pretende platicar. Algo de ese medio anonimato nos atrae, nos hace pensar que con todo y que el destinatario sabe qui\u00e9nes somos&nbsp; al mismo tiempo no lo sabe, y seguramente ni le interesa.<\/p>\n\n\n\n<p>&nbsp;&nbsp;&nbsp;&nbsp;&nbsp;Incluso pueden dejar un d\u00eda entero en calidad de \u201cvisto \u201c el mensaje, y como si no lo hubieran visto, que un WhatsApp nunca exigir\u00e1 inmediatamente respuesta.&nbsp; Es lo m\u00e1s impersonal del mundo, pero tambi\u00e9n lo m\u00e1s \u00edntimo,&nbsp; con la salvedad que de naturaleza no exige compromiso alguno.<\/p>\n\n\n\n<p>&nbsp;&nbsp;&nbsp;&nbsp;&nbsp;Es el sistema m\u00e1s alcahuete de comunicaci\u00f3n,&nbsp; pero tambi\u00e9n el m\u00e1s endeble, el m\u00e1s ef\u00edmero.<\/p>\n\n\n\n<p>&nbsp;&nbsp;&nbsp;&nbsp;&nbsp;Por eso ayer, en este nuevo universo de las relaciones l\u00edquidas condenadas al olvido, muchos se espantados, porque eso de HABLAR POR TEL\u00c9FONO no solo es asunto de viejos, sino de los que ya van en serio en su enojo, en su urgencia y hasta en sus asuntos de amor.<\/p>\n\n\n\n<p>&nbsp;&nbsp;&nbsp;&nbsp;&nbsp;Y en estos tiempos de lo ef\u00edmero, no hay nada como los mensajes desechables por naturaleza,&nbsp; para nunca dejar rastro de nuestro paso por ninguna parte, ni memoria de lo que fuimos o so\u00f1amos ser.<\/p>\n\n\n\n<p><strong>Mil gracias,&nbsp; hasta ma\u00f1ana.<\/strong><\/p>\n\n\n\n<p><a href=\"mailto:jeperalta@plazajuarez.mx\/historico\/historico\">jeperalta@plazajuarez.mx\/historico\/historico<\/a>&nbsp;<\/p>\n\n\n\n<p>@JavierEPeralta<\/p>\n","protected":false},"excerpt":{"rendered":"<p>El d\u00eda que se cay\u00f3 y nos call\u00f3 el WhatsApp\u00a0 Hace mucho tiempo, confieso, que hab\u00eda dejado de usar el tel\u00e9fono justo para lo que fue inventado originalmente: hablar. Incluso muchos j\u00f3venes podr\u00edan jurar que tiene un sinf\u00edn de utilidades&nbsp; menos esa que parece tan de otros tiempos,&nbsp; que es llevar la palabra hablada a [&hellip;]<\/p>\n","protected":false},"author":10,"featured_media":182952,"comment_status":"closed","ping_status":"closed","sticky":false,"template":"","format":"standard","meta":{"footnotes":""},"categories":[49,42],"tags":[],"class_list":["post-185094","post","type-post","status-publish","format-standard","has-post-thumbnail","hentry","category-javier-peralta","category-nuestrapalabra"],"_links":{"self":[{"href":"https:\/\/plazajuarez.mx\/historico\/wp-json\/wp\/v2\/posts\/185094","targetHints":{"allow":["GET"]}}],"collection":[{"href":"https:\/\/plazajuarez.mx\/historico\/wp-json\/wp\/v2\/posts"}],"about":[{"href":"https:\/\/plazajuarez.mx\/historico\/wp-json\/wp\/v2\/types\/post"}],"author":[{"embeddable":true,"href":"https:\/\/plazajuarez.mx\/historico\/wp-json\/wp\/v2\/users\/10"}],"replies":[{"embeddable":true,"href":"https:\/\/plazajuarez.mx\/historico\/wp-json\/wp\/v2\/comments?post=185094"}],"version-history":[{"count":0,"href":"https:\/\/plazajuarez.mx\/historico\/wp-json\/wp\/v2\/posts\/185094\/revisions"}],"wp:featuredmedia":[{"embeddable":true,"href":"https:\/\/plazajuarez.mx\/historico\/wp-json\/wp\/v2\/media\/182952"}],"wp:attachment":[{"href":"https:\/\/plazajuarez.mx\/historico\/wp-json\/wp\/v2\/media?parent=185094"}],"wp:term":[{"taxonomy":"category","embeddable":true,"href":"https:\/\/plazajuarez.mx\/historico\/wp-json\/wp\/v2\/categories?post=185094"},{"taxonomy":"post_tag","embeddable":true,"href":"https:\/\/plazajuarez.mx\/historico\/wp-json\/wp\/v2\/tags?post=185094"}],"curies":[{"name":"wp","href":"https:\/\/api.w.org\/{rel}","templated":true}]}}