{"id":184707,"date":"2021-10-01T14:33:40","date_gmt":"2021-10-01T19:33:40","guid":{"rendered":"https:\/\/plazajuarez.mx\/?p=184707"},"modified":"2021-10-01T14:33:53","modified_gmt":"2021-10-01T19:33:53","slug":"autoridades-buscan-yate-desaparecido-entre-cuba-y-mexico-tras-vuelta-de-haiti","status":"publish","type":"post","link":"https:\/\/plazajuarez.mx\/historico\/autoridades-buscan-yate-desaparecido-entre-cuba-y-mexico-tras-vuelta-de-haiti\/","title":{"rendered":"Autoridades buscan yate desaparecido entre Cuba y M\u00e9xico tras vuelta de Hait\u00ed"},"content":{"rendered":"\n<p>Autoridades mexicanas y grupos de voluntarios buscan en aguas internacionales una embarcaci\u00f3n con cuatro tripulantes que desapareci\u00f3 cuando regresaba al estado mexicano de Quintana Roo (sureste) luego entregar ayuda humanitaria en Hait\u00ed para los damnificados del terremoto del 14 agosto.<\/p>\n\n\n\n<p>El encargado de comunicaci\u00f3n y enlace de la Brigada de Rescate Internacional Canc\u00fan, Emiliano Mi\u00f1o, explic\u00f3 a Efe este jueves que el barco zarp\u00f3 de Puerto Aventuras en la Riviera Maya, el 11 de septiembre y desapareci\u00f3 el 28 de septiembre en el trayecto de regreso, entre Cuba y la isla mexicana de Cozumel, en aguas internacionales.<\/p>\n\n\n\n<p>&#8220;Perdimos comunicaci\u00f3n con ellos desde el 28 de septiembre a las 12.30 horas ( 17.30 GMT) en su ruta de regreso de Hait\u00ed, ya se realiz\u00f3 el reporte a la capitan\u00eda de puerto en Cozumel y a Guardacostas de Cuba&#8221;, explic\u00f3.<\/p>\n\n\n\n<p>Se\u00f1al\u00f3 que al momento de su desaparici\u00f3n se encontraban cuatro integrantes de la tripulaci\u00f3n. La embarcaci\u00f3n es un yate marca Haterras blanco, con 86 pies de eslora y es de bandera paname\u00f1a, de la marina Yatch Club Playa, de Puerto Aventuras.<\/p>\n\n\n\n<p>De acuerdo con Mi\u00f1o en el operativo de b\u00fasqueda y rescate participan la Secretar\u00eda de Marina, una aeronave particular que sobrevuela la zona donde el GPS report\u00f3 la \u00faltima ubicaci\u00f3n, a unas 130 millas marinas de Cozumel, y otras embarcaciones particulares que se ofrecieron como voluntarios.<\/p>\n\n\n\n<p>&#8220;Estamos a la espera de que se integre otra aeronave en la b\u00fasqueda, hoy no pudo salir porque necesitaban tramitar unos permisos para poder realizar los sobrevuelos en aguas internacionales&#8221;, indic\u00f3.<\/p>\n\n\n\n<p>Los planes originales de la misi\u00f3n humanitaria contemplaban el viaje en el barco desde Puerto Aventuras de dos misioneras m\u00e9dicas, cuatro misioneros enfermeros, dos mujeres y dos hombres, y la psic\u00f3loga, enfermera y superiora general de la orden Misioneros de Cristo Resucitado, Bertha L\u00f3pez Ch\u00e1vez, pero despu\u00e9s de presentar una aver\u00eda menor en el casco optaron por regresar a Cozumel para que el personal m\u00e9dico se trasladara en avi\u00f3n hasta Hait\u00ed.<\/p>\n\n\n\n<p>El personal m\u00e9dico lleg\u00f3 a la comuna L&#8217;Asile, situada en el distrito de Anse-\u00e0-Veau, departamento de Nippes en Hait\u00ed, donde esperaron la llegada del barco y el cargamento consistente en un hospital de campa\u00f1a, el cual estaba equipado con toldos, tinacos y suministros, adem\u00e1s de alimentos y casas de campa\u00f1a.<\/p>\n\n\n\n<p>&#8220;Sab\u00edamos que el barco ten\u00eda un problema en el casco desde la salida, pero no era nada que pusiera en riesgo la flotaci\u00f3n, se esperaba que fuera m\u00e1s lento y por eso se opt\u00f3 por enviar al personal m\u00e9dico en avi\u00f3n, todo estaba normal, se entreg\u00f3 la carga y ya estaba de regreso&#8221;, finaliz\u00f3.<\/p>\n","protected":false},"excerpt":{"rendered":"<p>Autoridades mexicanas y grupos de voluntarios buscan en aguas internacionales una embarcaci\u00f3n con cuatro tripulantes que desapareci\u00f3 cuando regresaba al estado mexicano de Quintana Roo (sureste) luego entregar ayuda humanitaria en Hait\u00ed para los damnificados del terremoto del 14 agosto. El encargado de comunicaci\u00f3n y enlace de la Brigada de Rescate Internacional Canc\u00fan, Emiliano Mi\u00f1o, [&hellip;]<\/p>\n","protected":false},"author":80,"featured_media":184708,"comment_status":"closed","ping_status":"closed","sticky":false,"template":"","format":"standard","meta":{"footnotes":""},"categories":[36],"tags":[],"class_list":["post-184707","post","type-post","status-publish","format-standard","has-post-thumbnail","hentry","category-nacion"],"_links":{"self":[{"href":"https:\/\/plazajuarez.mx\/historico\/wp-json\/wp\/v2\/posts\/184707","targetHints":{"allow":["GET"]}}],"collection":[{"href":"https:\/\/plazajuarez.mx\/historico\/wp-json\/wp\/v2\/posts"}],"about":[{"href":"https:\/\/plazajuarez.mx\/historico\/wp-json\/wp\/v2\/types\/post"}],"author":[{"embeddable":true,"href":"https:\/\/plazajuarez.mx\/historico\/wp-json\/wp\/v2\/users\/80"}],"replies":[{"embeddable":true,"href":"https:\/\/plazajuarez.mx\/historico\/wp-json\/wp\/v2\/comments?post=184707"}],"version-history":[{"count":0,"href":"https:\/\/plazajuarez.mx\/historico\/wp-json\/wp\/v2\/posts\/184707\/revisions"}],"wp:featuredmedia":[{"embeddable":true,"href":"https:\/\/plazajuarez.mx\/historico\/wp-json\/wp\/v2\/media\/184708"}],"wp:attachment":[{"href":"https:\/\/plazajuarez.mx\/historico\/wp-json\/wp\/v2\/media?parent=184707"}],"wp:term":[{"taxonomy":"category","embeddable":true,"href":"https:\/\/plazajuarez.mx\/historico\/wp-json\/wp\/v2\/categories?post=184707"},{"taxonomy":"post_tag","embeddable":true,"href":"https:\/\/plazajuarez.mx\/historico\/wp-json\/wp\/v2\/tags?post=184707"}],"curies":[{"name":"wp","href":"https:\/\/api.w.org\/{rel}","templated":true}]}}