{"id":184704,"date":"2021-10-01T14:31:58","date_gmt":"2021-10-01T19:31:58","guid":{"rendered":"https:\/\/plazajuarez.mx\/?p=184704"},"modified":"2021-10-01T14:32:12","modified_gmt":"2021-10-01T19:32:12","slug":"el-secretario-de-estado-de-ee-uu-viajara-a-francia-y-mexico-la-proxima-semana","status":"publish","type":"post","link":"https:\/\/plazajuarez.mx\/historico\/el-secretario-de-estado-de-ee-uu-viajara-a-francia-y-mexico-la-proxima-semana\/","title":{"rendered":"El secretario de Estado de EE.UU. viajar\u00e1 a Francia y M\u00e9xico la pr\u00f3xima semana"},"content":{"rendered":"\n<p>Washington, 1 oct (EFE).- El secretario de Estado de EEUU, Antony Blinken, viajar\u00e1 la pr\u00f3xima semana a Francia para participar en la cumbre ministerial de la Organizaci\u00f3n para Cooperaci\u00f3n y Desarrollo Econ\u00f3mico (OCDE); y a M\u00e9xico, donde asistir\u00e1 al Di\u00e1logo de Alto Nivel del Seguridad bilateral, inform\u00f3 este viernes el Gobierno de EE.UU.<\/p>\n\n\n\n<p>Blinken, quien estar\u00e1 en Par\u00eds del 4 al 6 de octubre, encabezar\u00e1 una delegaci\u00f3n estadounidense en la que tambi\u00e9n estar\u00e1 el Enviado Especial de la Casa Blanca para el Clima, John Kerry, y la Representante de Comercio Exterior de EEUU, Katherine Kai, entre otros altos cargos, seg\u00fan la nota oficial.<\/p>\n\n\n\n<p>La cumbre de la OCDE estar\u00e1 centrada &#8220;en avanzar en los esfuerzos para combatir la crisis clim\u00e1tica&#8221; y trabajar &#8220;para un futuro m\u00e1s inclusivo y equitativo&#8221;.<\/p>\n\n\n\n<p>Blinken tambi\u00e9n se reunir\u00e1 con su hom\u00f3logo franc\u00e9s, Jean-Yves Le Drian, para discutir el fortalecimiento de la relaci\u00f3n vital entre EEUU y Francia.<\/p>\n\n\n\n<p>El viaje del jefe de la diplomacia estadounidense se produce tras las tensiones generadas en Par\u00eds por el anuncio de una alianza de defensa entre EEUU, Australia y el Reino Unido en el Indopac\u00edfico, que ha supuesto la cancelaci\u00f3n de un pedido multimillonario de submarinos franceses por parte de Canberrra.<\/p>\n\n\n\n<p>Posteriormente, Blinken se desplazar\u00e1 a la Ciudad de M\u00e9xico los d\u00edas 7 y 8 de octubre para copresidir la delegaci\u00f3n estadounidense en el Di\u00e1logo de Alto Nivel de Seguridad bilateral.<\/p>\n\n\n\n<p>En la capital mexicana, se ver\u00e1 con su hom\u00f3logo, Marcelo Ebrard, con quien buscar\u00e1 &#8220;reforzar la fuerte relaci\u00f3n bilateral con M\u00e9xico&#8221;, de acuerdo a la nota oficial del Departamento del Estado.<\/p>\n","protected":false},"excerpt":{"rendered":"<p>Washington, 1 oct (EFE).- El secretario de Estado de EEUU, Antony Blinken, viajar\u00e1 la pr\u00f3xima semana a Francia para participar en la cumbre ministerial de la Organizaci\u00f3n para Cooperaci\u00f3n y Desarrollo Econ\u00f3mico (OCDE); y a M\u00e9xico, donde asistir\u00e1 al Di\u00e1logo de Alto Nivel del Seguridad bilateral, inform\u00f3 este viernes el Gobierno de EE.UU. Blinken, quien [&hellip;]<\/p>\n","protected":false},"author":80,"featured_media":184705,"comment_status":"closed","ping_status":"closed","sticky":false,"template":"","format":"standard","meta":{"footnotes":""},"categories":[31],"tags":[],"class_list":["post-184704","post","type-post","status-publish","format-standard","has-post-thumbnail","hentry","category-orbe"],"_links":{"self":[{"href":"https:\/\/plazajuarez.mx\/historico\/wp-json\/wp\/v2\/posts\/184704","targetHints":{"allow":["GET"]}}],"collection":[{"href":"https:\/\/plazajuarez.mx\/historico\/wp-json\/wp\/v2\/posts"}],"about":[{"href":"https:\/\/plazajuarez.mx\/historico\/wp-json\/wp\/v2\/types\/post"}],"author":[{"embeddable":true,"href":"https:\/\/plazajuarez.mx\/historico\/wp-json\/wp\/v2\/users\/80"}],"replies":[{"embeddable":true,"href":"https:\/\/plazajuarez.mx\/historico\/wp-json\/wp\/v2\/comments?post=184704"}],"version-history":[{"count":0,"href":"https:\/\/plazajuarez.mx\/historico\/wp-json\/wp\/v2\/posts\/184704\/revisions"}],"wp:featuredmedia":[{"embeddable":true,"href":"https:\/\/plazajuarez.mx\/historico\/wp-json\/wp\/v2\/media\/184705"}],"wp:attachment":[{"href":"https:\/\/plazajuarez.mx\/historico\/wp-json\/wp\/v2\/media?parent=184704"}],"wp:term":[{"taxonomy":"category","embeddable":true,"href":"https:\/\/plazajuarez.mx\/historico\/wp-json\/wp\/v2\/categories?post=184704"},{"taxonomy":"post_tag","embeddable":true,"href":"https:\/\/plazajuarez.mx\/historico\/wp-json\/wp\/v2\/tags?post=184704"}],"curies":[{"name":"wp","href":"https:\/\/api.w.org\/{rel}","templated":true}]}}