{"id":184701,"date":"2021-10-01T14:29:28","date_gmt":"2021-10-01T19:29:28","guid":{"rendered":"https:\/\/plazajuarez.mx\/?p=184701"},"modified":"2021-10-01T15:30:46","modified_gmt":"2021-10-01T20:30:46","slug":"lopez-obrador-insiste-en-perdon-por-la-conquista-tras-dichos-de-aznar","status":"publish","type":"post","link":"https:\/\/plazajuarez.mx\/historico\/lopez-obrador-insiste-en-perdon-por-la-conquista-tras-dichos-de-aznar\/","title":{"rendered":"L\u00f3pez Obrador insiste en perd\u00f3n por la conquista tras dichos de Aznar"},"content":{"rendered":"\n<p>(EFE) El presidente de M\u00e9xico, Andr\u00e9s Manuel L\u00f3pez Obrador, insisti\u00f3 este viernes en que se deber\u00eda pedir perd\u00f3n por la conquista espa\u00f1ola y evit\u00f3 &#8220;polemizar&#8221;, cuestionado por las recientes burlas del expresidente del Gobierno espa\u00f1ol Jos\u00e9 Mar\u00eda Aznar.<\/p>\n\n\n\n<p>&#8220;Amor y paz. Entender que debemos perdonar. No olvidar, pero perdonar. Es un acto de humildad ofrecer perd\u00f3n, es un acto que dignifica tanto al que lo ofrece como al que lo recibe, el perd\u00f3n&#8221;, apunt\u00f3 el mandatario en su conferencia matutina, esta vez desde la localidad de Cuernavaca, municipio del central estado de Morelos.<\/p>\n\n\n\n<p>Y agreg\u00f3, preguntado espec\u00edficamente sobre el tema: &#8220;No nos afecta en nada, no voy a polemizar&#8221;.<\/p>\n\n\n\n<p>El presidente record\u00f3 que &#8220;en su momento&#8221; se envi\u00f3 una carta al rey de Espa\u00f1a para que ofreciera disculpas por la conquista e iniciara &#8220;una nueva etapa de reconciliaci\u00f3n&#8221;, pero esta qued\u00f3 sin respuesta.<\/p>\n\n\n\n<p>&#8220;Lo que hubo fue una campa\u00f1a de insultos hablando de que no deb\u00edan pedirnos perd\u00f3n, que vinieron a civilizarnos, cosas de este tipo&#8221;, apunt\u00f3.<\/p>\n\n\n\n<p>LAS PALABRAS DE AZNAR<\/p>\n\n\n\n<p>Este jueves, Aznar se burl\u00f3 de la petici\u00f3n del Gobierno de M\u00e9xico para que Espa\u00f1a se disculpe por la conquista y subray\u00f3 que tanto el nombre como los apellidos de Andr\u00e9s Manuel L\u00f3pez Obrador tienen origen espa\u00f1ol.<\/p>\n\n\n\n<p>&#8220;&#8216;\u00bfY usted c\u00f3mo se llama? Yo me llamo Andr\u00e9s Manuel L\u00f3pez Obrador&#8217;. Andr\u00e9s por los aztecas; Manuel por parte de los mayas; L\u00f3pez es una mezcla&#8221;, ironiz\u00f3 durante la convenci\u00f3n nacional del Partido Popular (PP).<\/p>\n\n\n\n<p>LLUVIA DE CR\u00cdTICAS<\/p>\n\n\n\n<p>El Movimiento Regeneraci\u00f3n Nacional (Morena), partido del presidente mexicano, compar\u00f3 este jueves al expresidente Aznar con los &#8220;asnos&#8221; tras su burla sobre la petici\u00f3n de disculpas por la conquista.<\/p>\n\n\n\n<p>El l\u00edder de Morena en la C\u00e1mara de Diputados, Ignacio Mier, asegur\u00f3 en redes sociales que el apellido Aznar viene del lat\u00edn &#8220;asinarius&#8221; y significa &#8220;el que cr\u00eda o cuida asnos&#8221;.<\/p>\n\n\n\n<p>Posteriormente, el presidente de Morena, Mario Delgado, dijo que Aznar es &#8220;un instigador de guerra que apoy\u00f3 abiertamente&#8221; al expresidente mexicano Felipe Calder\u00f3n (2006-2012), quien declar\u00f3 la guerra militar al narcotr\u00e1fico.<\/p>\n\n\n\n<p>Mientras que la exembajadora de M\u00e9xico en Estados Unidos Martha B\u00e1rcena (2018-2021) declar\u00f3 que &#8220;el se\u00f1or Aznar es impresentable&#8221;.<\/p>\n\n\n\n<p>Y la jefa de Gobierno capitalina, Claudia Sheinbaum, apunt\u00f3 en Twitter: &#8220;Aqu\u00ed est\u00e1 Sr. Aznar la diferencia entre un gobernante humanista con visi\u00f3n y un racista. Es el Estado Espa\u00f1ol quien pierde una oportunidad hist\u00f3rica&#8221;.<\/p>\n\n\n\n<p>La intenci\u00f3n de L\u00f3pez Obrador era que durante las conmemoraciones de 2021 por los 200 a\u00f1os de la independencia de M\u00e9xico y los 500 a\u00f1os de la conquista de Hern\u00e1n Cort\u00e9s, el Gobierno mexicano, el espa\u00f1ol y la Iglesia cat\u00f3lica se disculparan por los &#8220;agravios&#8221; cometidos contra los ind\u00edgenas.<\/p>\n\n\n\n<p>Pero la carta que envi\u00f3 en 2019 al rey Felipe VI enfri\u00f3 las relaciones con Espa\u00f1a, pa\u00eds que ha declinado participar en estos eventos y el lunes cancel\u00f3 a \u00faltima hora su presencia en el gran acto del Z\u00f3calo capitalino para festejar el bicentenario de la consumaci\u00f3n de independencia de M\u00e9xico.<\/p>\n\n\n\n<p>El Gobierno de Espa\u00f1a consider\u00f3 en su momento que &#8220;la llegada hace 500 a\u00f1os de los espa\u00f1oles a las actuales tierras mexicanas no puede juzgarse a la luz de consideraciones contempor\u00e1neas&#8221;.<\/p>\n\n\n\n<p>En cambio, el papa Francisco envi\u00f3 una misiva este lunes en la que reconoci\u00f3 &#8220;los errores del pasado&#8221; y reiter\u00f3 su petici\u00f3n de &#8220;perd\u00f3n por los pecados personales y sociales&#8221; cometidos por la Iglesia durante la conquista y evangelizaci\u00f3n del actual M\u00e9xico.<\/p>\n","protected":false},"excerpt":{"rendered":"<p>(EFE) El presidente de M\u00e9xico, Andr\u00e9s Manuel L\u00f3pez Obrador, insisti\u00f3 este viernes en que se deber\u00eda pedir perd\u00f3n por la conquista espa\u00f1ola y evit\u00f3 &#8220;polemizar&#8221;, cuestionado por las recientes burlas del expresidente del Gobierno espa\u00f1ol Jos\u00e9 Mar\u00eda Aznar. &#8220;Amor y paz. Entender que debemos perdonar. No olvidar, pero perdonar. Es un acto de humildad ofrecer [&hellip;]<\/p>\n","protected":false},"author":80,"featured_media":184702,"comment_status":"closed","ping_status":"closed","sticky":false,"template":"","format":"standard","meta":{"footnotes":""},"categories":[15,36],"tags":[],"class_list":["post-184701","post","type-post","status-publish","format-standard","has-post-thumbnail","hentry","category-destacadas","category-nacion"],"_links":{"self":[{"href":"https:\/\/plazajuarez.mx\/historico\/wp-json\/wp\/v2\/posts\/184701","targetHints":{"allow":["GET"]}}],"collection":[{"href":"https:\/\/plazajuarez.mx\/historico\/wp-json\/wp\/v2\/posts"}],"about":[{"href":"https:\/\/plazajuarez.mx\/historico\/wp-json\/wp\/v2\/types\/post"}],"author":[{"embeddable":true,"href":"https:\/\/plazajuarez.mx\/historico\/wp-json\/wp\/v2\/users\/80"}],"replies":[{"embeddable":true,"href":"https:\/\/plazajuarez.mx\/historico\/wp-json\/wp\/v2\/comments?post=184701"}],"version-history":[{"count":0,"href":"https:\/\/plazajuarez.mx\/historico\/wp-json\/wp\/v2\/posts\/184701\/revisions"}],"wp:featuredmedia":[{"embeddable":true,"href":"https:\/\/plazajuarez.mx\/historico\/wp-json\/wp\/v2\/media\/184702"}],"wp:attachment":[{"href":"https:\/\/plazajuarez.mx\/historico\/wp-json\/wp\/v2\/media?parent=184701"}],"wp:term":[{"taxonomy":"category","embeddable":true,"href":"https:\/\/plazajuarez.mx\/historico\/wp-json\/wp\/v2\/categories?post=184701"},{"taxonomy":"post_tag","embeddable":true,"href":"https:\/\/plazajuarez.mx\/historico\/wp-json\/wp\/v2\/tags?post=184701"}],"curies":[{"name":"wp","href":"https:\/\/api.w.org\/{rel}","templated":true}]}}