{"id":184698,"date":"2021-10-01T14:26:10","date_gmt":"2021-10-01T19:26:10","guid":{"rendered":"https:\/\/plazajuarez.mx\/?p=184698"},"modified":"2021-10-01T14:26:28","modified_gmt":"2021-10-01T19:26:28","slug":"visit-mexico-presenta-las-15-fotografias-mas-instagrameables-de-la-campana-instamexico","status":"publish","type":"post","link":"https:\/\/plazajuarez.mx\/historico\/visit-mexico-presenta-las-15-fotografias-mas-instagrameables-de-la-campana-instamexico\/","title":{"rendered":"Visit M\u00e9xico Presenta Las 15 Fotograf\u00edas Mas \u201cInstagrameables\u201d De La Campa\u00f1a #Instamexico"},"content":{"rendered":"\n<p>Las fotograf\u00edas finalistas fueron las que sumaron la mayor cantidad de \u201cMe gusta\u201d durante la campa\u00f1a #InstaMexico del 1 de abril al 30 de junio.<\/p>\n\n\n\n<p>La fotograf\u00eda ganadora elegida por el jurado recibi\u00f3 un certificado por un a\u00f1o de viajes gratis por M\u00e9xico.<\/p>\n\n\n\n<p>M\u00e1s de 480 mil fotograf\u00edas participaron en el concurso que llevo a los viajeros a visitar M\u00e9xico.<\/p>\n\n\n\n<p>Ciudad de M\u00e9xico, 01 de octubre del 2021.- Por medio de una exposici\u00f3n fotogr\u00e1fica, Visit M\u00e9xico presento las 15 fotograf\u00edas y premi\u00f3 a la ganadora de la campa\u00f1a #InstaMexico; estrategia que invitaba a los viajeros de todo el mundo a subir a su cuenta de Instagram su mejor foto de M\u00e9xico usando el hashtag #InstaMexico y etiquetando a @VisitMexico para participar por un a\u00f1o de viajes gratis por M\u00e9xico.<\/p>\n\n\n\n<p>La iniciativa fue bien recibida por los viajeros tanto nacionales como internacionales, por lo que la participaci\u00f3n ascendi\u00f3 a m\u00e1s de 480 mil fotograf\u00edas que usaron el #InstaMexico en ese periodo de tiempo con im\u00e1genes que mostraron lugares y experiencias de los 32 estados de la rep\u00fablica. A la difusi\u00f3n se sumaron influenciadores, oficinas de promoci\u00f3n tur\u00edstica de los estados por medio de la Secretaria de Turismo Federal y diversas oficinas de M\u00e9xico en el exterior por medio de las embajadas y consulados a cargo de la Secretaria de Relaciones Exteriores.<\/p>\n\n\n\n<p>La ganadora, elegida entre los tres primeros lugares es Amneris Ariadna Leal Alc\u00e1ntara (@amneriis_leal), originaria del estado de Quer\u00e9taro, participo con una fotograf\u00eda de Samalayuca en el estado de Chihuahua; como premio podr\u00e1 disfrutar de un a\u00f1o de viajes por M\u00e9xico para 2 personas y su fotograf\u00eda ser\u00e1 mostrada en diversas exposiciones y materiales de promoci\u00f3n a nivel mundial.<\/p>\n\n\n\n<p>\u201cSabiendo que no hay fronteras en el universo digital y que el n\u00famero de usuarios de Instagram es de m\u00e1s de 400 millones, confiamos en usar \u00e9sta plataforma para la campa\u00f1a #InstaMexico y as\u00ed promover a los diferentes destinos del pa\u00eds por medio de contenido generado por el usuario. Agradecemos la participaci\u00f3n de los amantes de M\u00e9xico y pr\u00f3ximamente presentaremos estrategias digitales adicionales que en conjunto con la industria tur\u00edstica impulsaremos para mantener a la marca M\u00e9xico en la mente de los viajeros de todo el mundo\u201d, coment\u00f3 Carlos Gonz\u00e1lez-Director General de Visit M\u00e9xico. \u201c\u00c9sta fue una forma de invitar a los viajeros a visitar nuestro pa\u00eds y generar derrama econ\u00f3mica en los destinos adem\u00e1s de posicionarlos\u201d agreg\u00f3.<\/p>\n\n\n\n<p>Las fotograf\u00edas ser\u00e1n expuestas por medio de una exhibici\u00f3n abierta al p\u00fablico del 01 al 31 de octubre en las instalaciones del Hotel Presidente InterContinental Ciudad de M\u00e9xico y posteriormente se ir\u00e1n de gira por las diferentes propiedades de Grupo Presidente a nivel nacional, tambi\u00e9n se difundir\u00e1n por medio de las embajadas en exposiciones itinerantes a lo largo del 2022.<\/p>\n\n\n\n<p>\u201cNos llena de orgullo recibir en nuestros muros esta importante exposici\u00f3n que muestra los rincones m\u00e1s bellos de la Rep\u00fablica Mexicana, y que sin duda ayudar\u00e1 a reactivar el turismo a nivel nacional\u201d, coment\u00f3 \u00c1lvaro Rey, Gerente General del hotel Presidente InterContinental Ciudad de M\u00e9xico.<\/p>\n\n\n\n<p>Entre los finalistas se encuentran fotograf\u00edas que muestran atractivos que destacan sitios naturales, arquitect\u00f3nicos y arqueol\u00f3gicos de los estados de: Chihuahua, Guerrero, Yucat\u00e1n, Sonora, Quintana Roo, Jalisco, Tamaulipas, CDMX y Quer\u00e9taro quienes recibieron un certificado de regalo para una estancia en cualquiera de los hoteles de la cadena Hoteles City Express.<\/p>\n\n\n\n<p>El evento cont\u00f3 con la presencia de Marcos Achar y Carlos Gonzalez, Presidente y Director General de Visit M\u00e9xico respectivamente; \u00c1lvaro Rey, Gerente General de Presidente InterContinental Ciudad de M\u00e9xico; Nicolas McCormack, Vicepresidente comercial de Discovery Networks; Paulina Mendoza, Directora de Mercadotecnia de Hoteles City Express; Dulce Mart\u00ednez, Coordinadora de Marketing de Viva Aerob\u00fas y fue conducido por Miguel Conde, anfitri\u00f3n del programa \u201cLa Ruta del Sabor\u201d.<\/p>\n\n\n\n<p>Link para descarga de las fotos finalistas: https:\/\/bit.ly\/Finalistas_InstaMexico ###<\/p>\n\n\n\n<p>Contacto de medios:<\/p>\n\n\n\n<p>Israel Urbina-Relaciones P\u00fablicas israel.urbina@visitmexico.com Acerca de Visit M\u00e9xico:<\/p>\n\n\n\n<p>VISIT M\u00c9XICO es la plataforma tecnol\u00f3gica, sitios y micro sitios que realiza la promoci\u00f3n y oferta de los diversos destinos y servicios ubicados en los diferentes estados del pa\u00eds, con la finalidad de promover a M\u00e9xico en su conjunto como destino tur\u00edstico integral, tanto con visitantes nacionales como extranjeros. Asimismo, promueve y detona el turismo de calidad, incluyente, impulsando la digitalizaci\u00f3n de los prestadores de servicios para mantener la imagen tur\u00edstica positiva de la marca M\u00c9XICO en el mundo.<\/p>\n\n\n\n<p>www.visitmexico.com<\/p>\n\n\n\n<p>Agencia EFE S.A. no se hace responsable de la informaci\u00f3n que contiene este mensaje y no asume responsabilidad alguna frente a terceros sobre su \u00edntegro contenido, quedando igualmente exonerada de la responsabilidad de la entidad autora del mismo.<\/p>\n","protected":false},"excerpt":{"rendered":"<p>Las fotograf\u00edas finalistas fueron las que sumaron la mayor cantidad de \u201cMe gusta\u201d durante la campa\u00f1a #InstaMexico del 1 de abril al 30 de junio. La fotograf\u00eda ganadora elegida por el jurado recibi\u00f3 un certificado por un a\u00f1o de viajes gratis por M\u00e9xico. M\u00e1s de 480 mil fotograf\u00edas participaron en el concurso que llevo a [&hellip;]<\/p>\n","protected":false},"author":80,"featured_media":184699,"comment_status":"closed","ping_status":"closed","sticky":false,"template":"","format":"standard","meta":{"footnotes":""},"categories":[36],"tags":[],"class_list":["post-184698","post","type-post","status-publish","format-standard","has-post-thumbnail","hentry","category-nacion"],"_links":{"self":[{"href":"https:\/\/plazajuarez.mx\/historico\/wp-json\/wp\/v2\/posts\/184698","targetHints":{"allow":["GET"]}}],"collection":[{"href":"https:\/\/plazajuarez.mx\/historico\/wp-json\/wp\/v2\/posts"}],"about":[{"href":"https:\/\/plazajuarez.mx\/historico\/wp-json\/wp\/v2\/types\/post"}],"author":[{"embeddable":true,"href":"https:\/\/plazajuarez.mx\/historico\/wp-json\/wp\/v2\/users\/80"}],"replies":[{"embeddable":true,"href":"https:\/\/plazajuarez.mx\/historico\/wp-json\/wp\/v2\/comments?post=184698"}],"version-history":[{"count":0,"href":"https:\/\/plazajuarez.mx\/historico\/wp-json\/wp\/v2\/posts\/184698\/revisions"}],"wp:featuredmedia":[{"embeddable":true,"href":"https:\/\/plazajuarez.mx\/historico\/wp-json\/wp\/v2\/media\/184699"}],"wp:attachment":[{"href":"https:\/\/plazajuarez.mx\/historico\/wp-json\/wp\/v2\/media?parent=184698"}],"wp:term":[{"taxonomy":"category","embeddable":true,"href":"https:\/\/plazajuarez.mx\/historico\/wp-json\/wp\/v2\/categories?post=184698"},{"taxonomy":"post_tag","embeddable":true,"href":"https:\/\/plazajuarez.mx\/historico\/wp-json\/wp\/v2\/tags?post=184698"}],"curies":[{"name":"wp","href":"https:\/\/api.w.org\/{rel}","templated":true}]}}